 {"id":17386,"date":"2024-03-07T08:33:43","date_gmt":"2024-03-07T11:33:43","guid":{"rendered":"https:\/\/saobernardo.ma.gov.br\/transparencia\/?p=17386"},"modified":"2026-04-24T10:09:23","modified_gmt":"2026-04-24T13:09:23","slug":"portaria-no-719-de-06-de-marco-de-2024-resolve-nomear-para-o-cargo-em-comissao-de-coordenador-pedagogico-das-da-creche-bibi-a-sra-vanderlandia-maria-de-lima-vieira","status":"publish","type":"post","link":"https:\/\/saobernardo.ma.gov.br\/transparencia\/portarias\/portaria-no-719-de-06-de-marco-de-2024-resolve-nomear-para-o-cargo-em-comissao-de-coordenador-pedagogico-das-da-creche-bibi-a-sra-vanderlandia-maria-de-lima-vieira\/","title":{"rendered":"REVOGADA &#8211; PORTARIA N\u00ba 719, DE 06 DE MAR\u00c7O DE 2024 &#8211; RESOLVE NOMEAR, para o Cargo em Comiss\u00e3o de Coordenador  Pedag\u00f3gico &#8211; DAS, da Creche Bibi, a Sra. VANDERLANDIA MARIA DE LIMA VIEIRA"},"content":{"rendered":"","protected":false},"excerpt":{"rendered":"","protected":false},"author":6,"featured_media":0,"comment_status":"open","ping_status":"closed","sticky":false,"template":"","format":"standard","meta":{"_acf_changed":false,"footnotes":""},"categories":[4],"tags":[],"mes":[26],"ano":[57],"secretarias":[],"class_list":["post-17386","post","type-post","status-publish","format-standard","hentry","category-portarias","mes-marco","ano-57"],"acf":{"documento":"https:\/\/saobernardo.ma.gov.br\/transparencia\/wp-content\/uploads\/2024\/03\/PORTARIA-No-719-NOMECAO-DE-VANDERLANDIA-MARIA-DE-LIMA-VIEIRA-COMO-COORDENADORA-PEDAGOGICA-DA-CRECHE-BIBI.pdf","link_csv":"","situacao_da_portaria":"REVOGADA","numero_do_documento":"2024","descricao":"Portaria","urldoarquivo":"https:\/\/saobernardo.ma.gov.br\/transparencia\/wp-content\/uploads\/2024\/03\/PORTARIA-No-719-NOMECAO-DE-VANDERLANDIA-MARIA-DE-LIMA-VIEIRA-COMO-COORDENADORA-PEDAGOGICA-DA-CRECHE-BIBI-1.pdf"},"_links":{"self":[{"href":"https:\/\/saobernardo.ma.gov.br\/transparencia\/wp-json\/wp\/v2\/posts\/17386","targetHints":{"allow":["GET"]}}],"collection":[{"href":"https:\/\/saobernardo.ma.gov.br\/transparencia\/wp-json\/wp\/v2\/posts"}],"about":[{"href":"https:\/\/saobernardo.ma.gov.br\/transparencia\/wp-json\/wp\/v2\/types\/post"}],"author":[{"embeddable":true,"href":"https:\/\/saobernardo.ma.gov.br\/transparencia\/wp-json\/wp\/v2\/users\/6"}],"replies":[{"embeddable":true,"href":"https:\/\/saobernardo.ma.gov.br\/transparencia\/wp-json\/wp\/v2\/comments?post=17386"}],"version-history":[{"count":3,"href":"https:\/\/saobernardo.ma.gov.br\/transparencia\/wp-json\/wp\/v2\/posts\/17386\/revisions"}],"predecessor-version":[{"id":25407,"href":"https:\/\/saobernardo.ma.gov.br\/transparencia\/wp-json\/wp\/v2\/posts\/17386\/revisions\/25407"}],"wp:attachment":[{"href":"https:\/\/saobernardo.ma.gov.br\/transparencia\/wp-json\/wp\/v2\/media?parent=17386"}],"wp:term":[{"taxonomy":"category","embeddable":true,"href":"https:\/\/saobernardo.ma.gov.br\/transparencia\/wp-json\/wp\/v2\/categories?post=17386"},{"taxonomy":"post_tag","embeddable":true,"href":"https:\/\/saobernardo.ma.gov.br\/transparencia\/wp-json\/wp\/v2\/tags?post=17386"},{"taxonomy":"mes","embeddable":true,"href":"https:\/\/saobernardo.ma.gov.br\/transparencia\/wp-json\/wp\/v2\/mes?post=17386"},{"taxonomy":"ano","embeddable":true,"href":"https:\/\/saobernardo.ma.gov.br\/transparencia\/wp-json\/wp\/v2\/ano?post=17386"},{"taxonomy":"secretarias","embeddable":true,"href":"https:\/\/saobernardo.ma.gov.br\/transparencia\/wp-json\/wp\/v2\/secretarias?post=17386"}],"curies":[{"name":"wp","href":"https:\/\/api.w.org\/{rel}","templated":true}]}}