 {"id":1743,"date":"2019-12-05T17:43:37","date_gmt":"2019-12-05T20:43:37","guid":{"rendered":"http:\/\/saobernardo.ma.gov.br\/transparencia\/?p=1743"},"modified":"2023-06-13T15:10:38","modified_gmt":"2023-06-13T18:10:38","slug":"decreto-municipal-no-83-de-05-de-dezembro-de-2019-dispoe-sobre-o-recesso-funcional-das-reparticoes-publicas-no-municipio-de-sao-bernardo-ma-no-periodo-de-21-de-dezembro-de-2019-a-03-de-janeiro-de","status":"publish","type":"post","link":"https:\/\/saobernardo.ma.gov.br\/transparencia\/decretos\/decreto-municipal-no-83-de-05-de-dezembro-de-2019-dispoe-sobre-o-recesso-funcional-das-reparticoes-publicas-no-municipio-de-sao-bernardo-ma-no-periodo-de-21-de-dezembro-de-2019-a-03-de-janeiro-de\/","title":{"rendered":"Decreto Municipal N\u00ba 83, de 05 de dezembro de 2019. &#8220;Disp\u00f5e sobre o recesso funcional das reparti\u00e7\u00f5es p\u00fablicas no munic\u00edpio de S\u00e3o Bernardo\/Ma, no periodo de 21 de dezembro de 2019 a 03 de janeiro de 2020&#8221;."},"content":{"rendered":"","protected":false},"excerpt":{"rendered":"","protected":false},"author":2,"featured_media":0,"comment_status":"open","ping_status":"closed","sticky":false,"template":"","format":"standard","meta":{"_acf_changed":false,"footnotes":""},"categories":[3],"tags":[],"mes":[24],"ano":[37],"secretarias":[],"class_list":["post-1743","post","type-post","status-publish","format-standard","hentry","category-decretos","mes-janeiro","ano-37"],"acf":{"documento":"https:\/\/saobernardo.ma.gov.br\/transparencia\/wp-content\/uploads\/2019\/12\/RECESSO-Decreto-Municipal-N\u00ba-83-de-05-de-dezembro-de-2019.pdf","link_csv":""},"_links":{"self":[{"href":"https:\/\/saobernardo.ma.gov.br\/transparencia\/wp-json\/wp\/v2\/posts\/1743","targetHints":{"allow":["GET"]}}],"collection":[{"href":"https:\/\/saobernardo.ma.gov.br\/transparencia\/wp-json\/wp\/v2\/posts"}],"about":[{"href":"https:\/\/saobernardo.ma.gov.br\/transparencia\/wp-json\/wp\/v2\/types\/post"}],"author":[{"embeddable":true,"href":"https:\/\/saobernardo.ma.gov.br\/transparencia\/wp-json\/wp\/v2\/users\/2"}],"replies":[{"embeddable":true,"href":"https:\/\/saobernardo.ma.gov.br\/transparencia\/wp-json\/wp\/v2\/comments?post=1743"}],"version-history":[{"count":1,"href":"https:\/\/saobernardo.ma.gov.br\/transparencia\/wp-json\/wp\/v2\/posts\/1743\/revisions"}],"predecessor-version":[{"id":1745,"href":"https:\/\/saobernardo.ma.gov.br\/transparencia\/wp-json\/wp\/v2\/posts\/1743\/revisions\/1745"}],"wp:attachment":[{"href":"https:\/\/saobernardo.ma.gov.br\/transparencia\/wp-json\/wp\/v2\/media?parent=1743"}],"wp:term":[{"taxonomy":"category","embeddable":true,"href":"https:\/\/saobernardo.ma.gov.br\/transparencia\/wp-json\/wp\/v2\/categories?post=1743"},{"taxonomy":"post_tag","embeddable":true,"href":"https:\/\/saobernardo.ma.gov.br\/transparencia\/wp-json\/wp\/v2\/tags?post=1743"},{"taxonomy":"mes","embeddable":true,"href":"https:\/\/saobernardo.ma.gov.br\/transparencia\/wp-json\/wp\/v2\/mes?post=1743"},{"taxonomy":"ano","embeddable":true,"href":"https:\/\/saobernardo.ma.gov.br\/transparencia\/wp-json\/wp\/v2\/ano?post=1743"},{"taxonomy":"secretarias","embeddable":true,"href":"https:\/\/saobernardo.ma.gov.br\/transparencia\/wp-json\/wp\/v2\/secretarias?post=1743"}],"curies":[{"name":"wp","href":"https:\/\/api.w.org\/{rel}","templated":true}]}}