 {"id":17468,"date":"2024-03-18T18:03:15","date_gmt":"2024-03-18T21:03:15","guid":{"rendered":"https:\/\/saobernardo.ma.gov.br\/transparencia\/?p=17468"},"modified":"2024-03-18T18:03:15","modified_gmt":"2024-03-18T21:03:15","slug":"decreto-municipal-no-245-de-18-de-marco-de-2024-dispoe-sobre-a-criacao-do-comite-municipal-de-gestao-colegiada-da-rede-de-cuidado-e-de-protecao-social-das-criancas-e-dos-adolescentes-vitimas-ou","status":"publish","type":"post","link":"https:\/\/saobernardo.ma.gov.br\/transparencia\/decretos\/decreto-municipal-no-245-de-18-de-marco-de-2024-dispoe-sobre-a-criacao-do-comite-municipal-de-gestao-colegiada-da-rede-de-cuidado-e-de-protecao-social-das-criancas-e-dos-adolescentes-vitimas-ou\/","title":{"rendered":"DECRETO MUNICIPAL N\u00ba 245, DE 18 DE MAR\u00c7O DE 2024 &#8211; Disp\u00f5e sobre a cria\u00e7\u00e3o do Comit\u00ea Municipal de  Gest\u00e3o Colegiada da Rede de Cuidado e de Prote\u00e7\u00e3o  Social das Crian\u00e7as e dos Adolescentes V\u00edtimas ou  Testemunhas de Viol\u00eancia de S\u00e3o Bernardo e d\u00e1  outras provid\u00eancias."},"content":{"rendered":"","protected":false},"excerpt":{"rendered":"","protected":false},"author":6,"featured_media":0,"comment_status":"open","ping_status":"closed","sticky":false,"template":"","format":"standard","meta":{"_acf_changed":false,"footnotes":""},"categories":[3],"tags":[],"mes":[28],"ano":[],"secretarias":[],"class_list":["post-17468","post","type-post","status-publish","format-standard","hentry","category-decretos","mes-maio"],"acf":{"documento":"https:\/\/saobernardo.ma.gov.br\/transparencia\/wp-content\/uploads\/2024\/03\/DECRETO-n-245-2024-DA-ESCUTA-PROTEGIDA-SAO-BERNARDO-UNICEF.pdf","link_csv":""},"_links":{"self":[{"href":"https:\/\/saobernardo.ma.gov.br\/transparencia\/wp-json\/wp\/v2\/posts\/17468","targetHints":{"allow":["GET"]}}],"collection":[{"href":"https:\/\/saobernardo.ma.gov.br\/transparencia\/wp-json\/wp\/v2\/posts"}],"about":[{"href":"https:\/\/saobernardo.ma.gov.br\/transparencia\/wp-json\/wp\/v2\/types\/post"}],"author":[{"embeddable":true,"href":"https:\/\/saobernardo.ma.gov.br\/transparencia\/wp-json\/wp\/v2\/users\/6"}],"replies":[{"embeddable":true,"href":"https:\/\/saobernardo.ma.gov.br\/transparencia\/wp-json\/wp\/v2\/comments?post=17468"}],"version-history":[{"count":1,"href":"https:\/\/saobernardo.ma.gov.br\/transparencia\/wp-json\/wp\/v2\/posts\/17468\/revisions"}],"predecessor-version":[{"id":17470,"href":"https:\/\/saobernardo.ma.gov.br\/transparencia\/wp-json\/wp\/v2\/posts\/17468\/revisions\/17470"}],"wp:attachment":[{"href":"https:\/\/saobernardo.ma.gov.br\/transparencia\/wp-json\/wp\/v2\/media?parent=17468"}],"wp:term":[{"taxonomy":"category","embeddable":true,"href":"https:\/\/saobernardo.ma.gov.br\/transparencia\/wp-json\/wp\/v2\/categories?post=17468"},{"taxonomy":"post_tag","embeddable":true,"href":"https:\/\/saobernardo.ma.gov.br\/transparencia\/wp-json\/wp\/v2\/tags?post=17468"},{"taxonomy":"mes","embeddable":true,"href":"https:\/\/saobernardo.ma.gov.br\/transparencia\/wp-json\/wp\/v2\/mes?post=17468"},{"taxonomy":"ano","embeddable":true,"href":"https:\/\/saobernardo.ma.gov.br\/transparencia\/wp-json\/wp\/v2\/ano?post=17468"},{"taxonomy":"secretarias","embeddable":true,"href":"https:\/\/saobernardo.ma.gov.br\/transparencia\/wp-json\/wp\/v2\/secretarias?post=17468"}],"curies":[{"name":"wp","href":"https:\/\/api.w.org\/{rel}","templated":true}]}}