 {"id":17528,"date":"2024-03-22T08:55:10","date_gmt":"2024-03-22T11:55:10","guid":{"rendered":"https:\/\/saobernardo.ma.gov.br\/transparencia\/?p=17528"},"modified":"2026-04-24T10:21:14","modified_gmt":"2026-04-24T13:21:14","slug":"portaria-no-725-de-21-de-marco-de-2024-resolve-nomear-para-o-cargo-em-comissao-de-coordenador-de-programa-cras-das-da-secretaria-municipal-de-assistencia-social-a-sra-grazyella-silva-e-silva","status":"publish","type":"post","link":"https:\/\/saobernardo.ma.gov.br\/transparencia\/portarias\/portaria-no-725-de-21-de-marco-de-2024-resolve-nomear-para-o-cargo-em-comissao-de-coordenador-de-programa-cras-das-da-secretaria-municipal-de-assistencia-social-a-sra-grazyella-silva-e-silva\/","title":{"rendered":"REVOGADA &#8211; PORTARIA N\u00ba 725, DE 21 DE MAR\u00c7O DE 2024 &#8211; RESOLVE NOMEAR, para o Cargo em Comiss\u00e3o de Coordenador de  Programa CRAS &#8211; DAS, da Secretaria Municipal de Assist\u00eancia Social, a Sra. GRAZYELLA SILVA E SILVA"},"content":{"rendered":"","protected":false},"excerpt":{"rendered":"","protected":false},"author":6,"featured_media":0,"comment_status":"open","ping_status":"closed","sticky":false,"template":"","format":"standard","meta":{"_acf_changed":false,"footnotes":""},"categories":[4],"tags":[],"mes":[26],"ano":[57],"secretarias":[],"class_list":["post-17528","post","type-post","status-publish","format-standard","hentry","category-portarias","mes-marco","ano-57"],"acf":{"documento":"https:\/\/saobernardo.ma.gov.br\/transparencia\/wp-content\/uploads\/2024\/03\/PORTARIA-No-725-NOMEACAO-DE-GRAZYELLA-SILVA-SILVA-COMO-COORDENADORA-DE-PROGRAMA-CRAS-DA-ASSISTENCIA-SOCIAL.pdf","link_csv":"","situacao_da_portaria":"REVOGADA","numero_do_documento":"2024","descricao":"Portaria","urldoarquivo":"https:\/\/saobernardo.ma.gov.br\/transparencia\/wp-content\/uploads\/2024\/03\/PORTARIA-No-725-NOMEACAO-DE-GRAZYELLA-SILVA-SILVA-COMO-COORDENADORA-DE-PROGRAMA-CRAS-DA-ASSISTENCIA-SOCIAL-1.pdf"},"_links":{"self":[{"href":"https:\/\/saobernardo.ma.gov.br\/transparencia\/wp-json\/wp\/v2\/posts\/17528","targetHints":{"allow":["GET"]}}],"collection":[{"href":"https:\/\/saobernardo.ma.gov.br\/transparencia\/wp-json\/wp\/v2\/posts"}],"about":[{"href":"https:\/\/saobernardo.ma.gov.br\/transparencia\/wp-json\/wp\/v2\/types\/post"}],"author":[{"embeddable":true,"href":"https:\/\/saobernardo.ma.gov.br\/transparencia\/wp-json\/wp\/v2\/users\/6"}],"replies":[{"embeddable":true,"href":"https:\/\/saobernardo.ma.gov.br\/transparencia\/wp-json\/wp\/v2\/comments?post=17528"}],"version-history":[{"count":2,"href":"https:\/\/saobernardo.ma.gov.br\/transparencia\/wp-json\/wp\/v2\/posts\/17528\/revisions"}],"predecessor-version":[{"id":25419,"href":"https:\/\/saobernardo.ma.gov.br\/transparencia\/wp-json\/wp\/v2\/posts\/17528\/revisions\/25419"}],"wp:attachment":[{"href":"https:\/\/saobernardo.ma.gov.br\/transparencia\/wp-json\/wp\/v2\/media?parent=17528"}],"wp:term":[{"taxonomy":"category","embeddable":true,"href":"https:\/\/saobernardo.ma.gov.br\/transparencia\/wp-json\/wp\/v2\/categories?post=17528"},{"taxonomy":"post_tag","embeddable":true,"href":"https:\/\/saobernardo.ma.gov.br\/transparencia\/wp-json\/wp\/v2\/tags?post=17528"},{"taxonomy":"mes","embeddable":true,"href":"https:\/\/saobernardo.ma.gov.br\/transparencia\/wp-json\/wp\/v2\/mes?post=17528"},{"taxonomy":"ano","embeddable":true,"href":"https:\/\/saobernardo.ma.gov.br\/transparencia\/wp-json\/wp\/v2\/ano?post=17528"},{"taxonomy":"secretarias","embeddable":true,"href":"https:\/\/saobernardo.ma.gov.br\/transparencia\/wp-json\/wp\/v2\/secretarias?post=17528"}],"curies":[{"name":"wp","href":"https:\/\/api.w.org\/{rel}","templated":true}]}}