 {"id":18178,"date":"2024-05-24T11:22:55","date_gmt":"2024-05-24T14:22:55","guid":{"rendered":"https:\/\/saobernardo.ma.gov.br\/transparencia\/?p=18178"},"modified":"2024-05-24T11:40:14","modified_gmt":"2024-05-24T14:40:14","slug":"lei-ordinaria-municipal-no-822-de-23-de-maio-de-2024-dispoe-sobre-a-criacao-da-feira-da-matriz-conectando-pessoas-celebrando-raizes-no-municipio-de-sao-bernardo-ma-e","status":"publish","type":"post","link":"https:\/\/saobernardo.ma.gov.br\/transparencia\/leis\/lei-ordinaria-municipal-no-822-de-23-de-maio-de-2024-dispoe-sobre-a-criacao-da-feira-da-matriz-conectando-pessoas-celebrando-raizes-no-municipio-de-sao-bernardo-ma-e\/","title":{"rendered":"LEI ORDIN\u00c1RIA MUNICIPAL N\u00ba 822, DE 23 DE MAIO DE 2024 &#8211; Disp\u00f5e sobre a cria\u00e7\u00e3o da \u201cFEIRA DA MATRIZ: Conectando pessoas, celebrando ra\u00edzes\u201d no Munic\u00edpio de S\u00e3o Bernardo \u2013 MA, e d\u00e1 outras provid\u00eancias."},"content":{"rendered":"","protected":false},"excerpt":{"rendered":"","protected":false},"author":6,"featured_media":0,"comment_status":"open","ping_status":"closed","sticky":false,"template":"","format":"standard","meta":{"_acf_changed":false,"footnotes":""},"categories":[5],"tags":[],"mes":[28],"ano":[57],"secretarias":[],"class_list":["post-18178","post","type-post","status-publish","format-standard","hentry","category-leis","mes-maio","ano-57"],"acf":{"documento":"https:\/\/saobernardo.ma.gov.br\/transparencia\/wp-content\/uploads\/2024\/05\/ilovepdf_merged.pdf","link_csv":""},"_links":{"self":[{"href":"https:\/\/saobernardo.ma.gov.br\/transparencia\/wp-json\/wp\/v2\/posts\/18178","targetHints":{"allow":["GET"]}}],"collection":[{"href":"https:\/\/saobernardo.ma.gov.br\/transparencia\/wp-json\/wp\/v2\/posts"}],"about":[{"href":"https:\/\/saobernardo.ma.gov.br\/transparencia\/wp-json\/wp\/v2\/types\/post"}],"author":[{"embeddable":true,"href":"https:\/\/saobernardo.ma.gov.br\/transparencia\/wp-json\/wp\/v2\/users\/6"}],"replies":[{"embeddable":true,"href":"https:\/\/saobernardo.ma.gov.br\/transparencia\/wp-json\/wp\/v2\/comments?post=18178"}],"version-history":[{"count":2,"href":"https:\/\/saobernardo.ma.gov.br\/transparencia\/wp-json\/wp\/v2\/posts\/18178\/revisions"}],"predecessor-version":[{"id":18184,"href":"https:\/\/saobernardo.ma.gov.br\/transparencia\/wp-json\/wp\/v2\/posts\/18178\/revisions\/18184"}],"wp:attachment":[{"href":"https:\/\/saobernardo.ma.gov.br\/transparencia\/wp-json\/wp\/v2\/media?parent=18178"}],"wp:term":[{"taxonomy":"category","embeddable":true,"href":"https:\/\/saobernardo.ma.gov.br\/transparencia\/wp-json\/wp\/v2\/categories?post=18178"},{"taxonomy":"post_tag","embeddable":true,"href":"https:\/\/saobernardo.ma.gov.br\/transparencia\/wp-json\/wp\/v2\/tags?post=18178"},{"taxonomy":"mes","embeddable":true,"href":"https:\/\/saobernardo.ma.gov.br\/transparencia\/wp-json\/wp\/v2\/mes?post=18178"},{"taxonomy":"ano","embeddable":true,"href":"https:\/\/saobernardo.ma.gov.br\/transparencia\/wp-json\/wp\/v2\/ano?post=18178"},{"taxonomy":"secretarias","embeddable":true,"href":"https:\/\/saobernardo.ma.gov.br\/transparencia\/wp-json\/wp\/v2\/secretarias?post=18178"}],"curies":[{"name":"wp","href":"https:\/\/api.w.org\/{rel}","templated":true}]}}