 {"id":18269,"date":"2024-05-28T16:13:18","date_gmt":"2024-05-28T19:13:18","guid":{"rendered":"https:\/\/saobernardo.ma.gov.br\/transparencia\/?p=18269"},"modified":"2026-04-24T11:54:53","modified_gmt":"2026-04-24T14:54:53","slug":"portaria-no-787-de-28-de-maio-de-2024-resolve-nomear-para-o-cargo-em-comissao-de-assessor-tecnico-administrativo-dai-1-da-procuradoria-geral-do-municipio-a-sra-isabelle-santos-costa-machado","status":"publish","type":"post","link":"https:\/\/saobernardo.ma.gov.br\/transparencia\/portarias\/portaria-no-787-de-28-de-maio-de-2024-resolve-nomear-para-o-cargo-em-comissao-de-assessor-tecnico-administrativo-dai-1-da-procuradoria-geral-do-municipio-a-sra-isabelle-santos-costa-machado\/","title":{"rendered":"REVOGADA &#8211; PORTARIA N\u00ba 787, DE 28 DE MAIO DE 2024 &#8211; RESOLVE NOMEAR, para o Cargo em Comiss\u00e3o de Assessor T\u00e9cnico  Administrativo- DAI-1, da Procuradoria Geral do Munic\u00edpio, a Sra. ISABELLE SANTOS  COSTA MACHADO."},"content":{"rendered":"","protected":false},"excerpt":{"rendered":"","protected":false},"author":6,"featured_media":0,"comment_status":"open","ping_status":"closed","sticky":false,"template":"","format":"standard","meta":{"_acf_changed":false,"footnotes":""},"categories":[4],"tags":[],"mes":[28],"ano":[57],"secretarias":[],"class_list":["post-18269","post","type-post","status-publish","format-standard","hentry","category-portarias","mes-maio","ano-57"],"acf":{"documento":"https:\/\/saobernardo.ma.gov.br\/transparencia\/wp-content\/uploads\/2024\/05\/PORTARIA-No-787-NOMEACAO-DE-ISABELLE-SANTOS-COMO-ASSESSORA-TECNICA-ADMINISTRATIVO-DA-PROCURADORIA-GERAL.pdf","link_csv":"","situacao_da_portaria":"REVOGADA","numero_do_documento":"2024","descricao":"Portaria","urldoarquivo":"https:\/\/saobernardo.ma.gov.br\/transparencia\/wp-content\/uploads\/2024\/05\/PORTARIA-No-787-NOMEACAO-DE-ISABELLE-SANTOS-COMO-ASSESSORA-TECNICA-ADMINISTRATIVO-DA-PROCURADORIA-GERAL-1.pdf"},"_links":{"self":[{"href":"https:\/\/saobernardo.ma.gov.br\/transparencia\/wp-json\/wp\/v2\/posts\/18269","targetHints":{"allow":["GET"]}}],"collection":[{"href":"https:\/\/saobernardo.ma.gov.br\/transparencia\/wp-json\/wp\/v2\/posts"}],"about":[{"href":"https:\/\/saobernardo.ma.gov.br\/transparencia\/wp-json\/wp\/v2\/types\/post"}],"author":[{"embeddable":true,"href":"https:\/\/saobernardo.ma.gov.br\/transparencia\/wp-json\/wp\/v2\/users\/6"}],"replies":[{"embeddable":true,"href":"https:\/\/saobernardo.ma.gov.br\/transparencia\/wp-json\/wp\/v2\/comments?post=18269"}],"version-history":[{"count":3,"href":"https:\/\/saobernardo.ma.gov.br\/transparencia\/wp-json\/wp\/v2\/posts\/18269\/revisions"}],"predecessor-version":[{"id":25474,"href":"https:\/\/saobernardo.ma.gov.br\/transparencia\/wp-json\/wp\/v2\/posts\/18269\/revisions\/25474"}],"wp:attachment":[{"href":"https:\/\/saobernardo.ma.gov.br\/transparencia\/wp-json\/wp\/v2\/media?parent=18269"}],"wp:term":[{"taxonomy":"category","embeddable":true,"href":"https:\/\/saobernardo.ma.gov.br\/transparencia\/wp-json\/wp\/v2\/categories?post=18269"},{"taxonomy":"post_tag","embeddable":true,"href":"https:\/\/saobernardo.ma.gov.br\/transparencia\/wp-json\/wp\/v2\/tags?post=18269"},{"taxonomy":"mes","embeddable":true,"href":"https:\/\/saobernardo.ma.gov.br\/transparencia\/wp-json\/wp\/v2\/mes?post=18269"},{"taxonomy":"ano","embeddable":true,"href":"https:\/\/saobernardo.ma.gov.br\/transparencia\/wp-json\/wp\/v2\/ano?post=18269"},{"taxonomy":"secretarias","embeddable":true,"href":"https:\/\/saobernardo.ma.gov.br\/transparencia\/wp-json\/wp\/v2\/secretarias?post=18269"}],"curies":[{"name":"wp","href":"https:\/\/api.w.org\/{rel}","templated":true}]}}