 {"id":18342,"date":"2024-06-03T14:00:38","date_gmt":"2024-06-03T17:00:38","guid":{"rendered":"https:\/\/saobernardo.ma.gov.br\/transparencia\/?p=18342"},"modified":"2024-06-03T14:00:38","modified_gmt":"2024-06-03T17:00:38","slug":"portaria-no-793-de-03-de-junho-de-2024-resolve-exonerar-do-cargo-em-comissao-de-coordenador-de-atividade-e-meio-da-secretaria-municipal-e-educacao-ciencia-tecnologia-e-inovacao-o-sr-clayton","status":"publish","type":"post","link":"https:\/\/saobernardo.ma.gov.br\/transparencia\/portarias\/portaria-no-793-de-03-de-junho-de-2024-resolve-exonerar-do-cargo-em-comissao-de-coordenador-de-atividade-e-meio-da-secretaria-municipal-e-educacao-ciencia-tecnologia-e-inovacao-o-sr-clayton\/","title":{"rendered":"PORTARIA N\u00ba 793, DE 03 DE JUNHO DE 2024 &#8211; RESOLVE EXONERAR, do Cargo em Comiss\u00e3o de Coordenador de  Atividade e Meio, da Secretaria Municipal e Educa\u00e7\u00e3o, Ci\u00eancia, Tecnologia e  Inova\u00e7\u00e3o, o Sr. CLAYTON SOUSA SILVA."},"content":{"rendered":"","protected":false},"excerpt":{"rendered":"","protected":false},"author":6,"featured_media":0,"comment_status":"open","ping_status":"closed","sticky":false,"template":"","format":"standard","meta":{"_acf_changed":false,"footnotes":""},"categories":[4],"tags":[],"mes":[29],"ano":[57],"secretarias":[],"class_list":["post-18342","post","type-post","status-publish","format-standard","hentry","category-portarias","mes-junho","ano-57"],"acf":{"documento":"https:\/\/saobernardo.ma.gov.br\/transparencia\/wp-content\/uploads\/2024\/06\/PORTARIA-No-793-EXONERACAO-DE-CLAYTON-SOUZA-SILVA-COMO-COORDENADOR-DE-ATIVIDADE-E-MEIO-DA-SEMECTI.pdf","link_csv":"","situacao_da_portaria":"ATIVA"},"_links":{"self":[{"href":"https:\/\/saobernardo.ma.gov.br\/transparencia\/wp-json\/wp\/v2\/posts\/18342","targetHints":{"allow":["GET"]}}],"collection":[{"href":"https:\/\/saobernardo.ma.gov.br\/transparencia\/wp-json\/wp\/v2\/posts"}],"about":[{"href":"https:\/\/saobernardo.ma.gov.br\/transparencia\/wp-json\/wp\/v2\/types\/post"}],"author":[{"embeddable":true,"href":"https:\/\/saobernardo.ma.gov.br\/transparencia\/wp-json\/wp\/v2\/users\/6"}],"replies":[{"embeddable":true,"href":"https:\/\/saobernardo.ma.gov.br\/transparencia\/wp-json\/wp\/v2\/comments?post=18342"}],"version-history":[{"count":1,"href":"https:\/\/saobernardo.ma.gov.br\/transparencia\/wp-json\/wp\/v2\/posts\/18342\/revisions"}],"predecessor-version":[{"id":18344,"href":"https:\/\/saobernardo.ma.gov.br\/transparencia\/wp-json\/wp\/v2\/posts\/18342\/revisions\/18344"}],"wp:attachment":[{"href":"https:\/\/saobernardo.ma.gov.br\/transparencia\/wp-json\/wp\/v2\/media?parent=18342"}],"wp:term":[{"taxonomy":"category","embeddable":true,"href":"https:\/\/saobernardo.ma.gov.br\/transparencia\/wp-json\/wp\/v2\/categories?post=18342"},{"taxonomy":"post_tag","embeddable":true,"href":"https:\/\/saobernardo.ma.gov.br\/transparencia\/wp-json\/wp\/v2\/tags?post=18342"},{"taxonomy":"mes","embeddable":true,"href":"https:\/\/saobernardo.ma.gov.br\/transparencia\/wp-json\/wp\/v2\/mes?post=18342"},{"taxonomy":"ano","embeddable":true,"href":"https:\/\/saobernardo.ma.gov.br\/transparencia\/wp-json\/wp\/v2\/ano?post=18342"},{"taxonomy":"secretarias","embeddable":true,"href":"https:\/\/saobernardo.ma.gov.br\/transparencia\/wp-json\/wp\/v2\/secretarias?post=18342"}],"curies":[{"name":"wp","href":"https:\/\/api.w.org\/{rel}","templated":true}]}}