 {"id":18386,"date":"2024-06-05T12:50:45","date_gmt":"2024-06-05T15:50:45","guid":{"rendered":"https:\/\/saobernardo.ma.gov.br\/transparencia\/?p=18386"},"modified":"2024-06-05T12:50:45","modified_gmt":"2024-06-05T15:50:45","slug":"portaria-no-798-de-05-de-junho-de-2024-resolve-exonerar-do-cargo-em-comissao-de-coordenador-de-atencao-basica-da-secretaria-municipal-de-saude-a-sra-alessandra-de-freitas-ferreira","status":"publish","type":"post","link":"https:\/\/saobernardo.ma.gov.br\/transparencia\/portarias\/portaria-no-798-de-05-de-junho-de-2024-resolve-exonerar-do-cargo-em-comissao-de-coordenador-de-atencao-basica-da-secretaria-municipal-de-saude-a-sra-alessandra-de-freitas-ferreira\/","title":{"rendered":"PORTARIA N\u00ba 798, DE 05 DE JUNHO DE 2024 &#8211; RESOLVE EXONERAR, do Cargo em Comiss\u00e3o de Coordenador de Aten\u00e7\u00e3o B\u00e1sica, da Secretaria Municipal de Sa\u00fade, a Sra. ALESSANDRA DE FREITAS FERREIRA."},"content":{"rendered":"","protected":false},"excerpt":{"rendered":"","protected":false},"author":6,"featured_media":0,"comment_status":"open","ping_status":"closed","sticky":false,"template":"","format":"standard","meta":{"_acf_changed":false,"footnotes":""},"categories":[4],"tags":[],"mes":[29],"ano":[57],"secretarias":[],"class_list":["post-18386","post","type-post","status-publish","format-standard","hentry","category-portarias","mes-junho","ano-57"],"acf":{"documento":"https:\/\/saobernardo.ma.gov.br\/transparencia\/wp-content\/uploads\/2024\/06\/PORTARIA-No-798-EXONERACAO-DE-ALESSANDRA-DE-FREITAS-FERREIRA-COMO-COORDENADORA-DE-ATENCAO-BASICA-DA-SAUDE.pdf","link_csv":"","situacao_da_portaria":"ATIVA"},"_links":{"self":[{"href":"https:\/\/saobernardo.ma.gov.br\/transparencia\/wp-json\/wp\/v2\/posts\/18386","targetHints":{"allow":["GET"]}}],"collection":[{"href":"https:\/\/saobernardo.ma.gov.br\/transparencia\/wp-json\/wp\/v2\/posts"}],"about":[{"href":"https:\/\/saobernardo.ma.gov.br\/transparencia\/wp-json\/wp\/v2\/types\/post"}],"author":[{"embeddable":true,"href":"https:\/\/saobernardo.ma.gov.br\/transparencia\/wp-json\/wp\/v2\/users\/6"}],"replies":[{"embeddable":true,"href":"https:\/\/saobernardo.ma.gov.br\/transparencia\/wp-json\/wp\/v2\/comments?post=18386"}],"version-history":[{"count":1,"href":"https:\/\/saobernardo.ma.gov.br\/transparencia\/wp-json\/wp\/v2\/posts\/18386\/revisions"}],"predecessor-version":[{"id":18388,"href":"https:\/\/saobernardo.ma.gov.br\/transparencia\/wp-json\/wp\/v2\/posts\/18386\/revisions\/18388"}],"wp:attachment":[{"href":"https:\/\/saobernardo.ma.gov.br\/transparencia\/wp-json\/wp\/v2\/media?parent=18386"}],"wp:term":[{"taxonomy":"category","embeddable":true,"href":"https:\/\/saobernardo.ma.gov.br\/transparencia\/wp-json\/wp\/v2\/categories?post=18386"},{"taxonomy":"post_tag","embeddable":true,"href":"https:\/\/saobernardo.ma.gov.br\/transparencia\/wp-json\/wp\/v2\/tags?post=18386"},{"taxonomy":"mes","embeddable":true,"href":"https:\/\/saobernardo.ma.gov.br\/transparencia\/wp-json\/wp\/v2\/mes?post=18386"},{"taxonomy":"ano","embeddable":true,"href":"https:\/\/saobernardo.ma.gov.br\/transparencia\/wp-json\/wp\/v2\/ano?post=18386"},{"taxonomy":"secretarias","embeddable":true,"href":"https:\/\/saobernardo.ma.gov.br\/transparencia\/wp-json\/wp\/v2\/secretarias?post=18386"}],"curies":[{"name":"wp","href":"https:\/\/api.w.org\/{rel}","templated":true}]}}