 {"id":18396,"date":"2024-06-06T13:30:58","date_gmt":"2024-06-06T16:30:58","guid":{"rendered":"https:\/\/saobernardo.ma.gov.br\/transparencia\/?p=18396"},"modified":"2026-04-24T12:35:27","modified_gmt":"2026-04-24T15:35:27","slug":"portaria-no-800-de-06-de-junho-de-2024-resolve-nomear-para-o-cargo-em-comissao-de-coordenador-de-atencao-basica-dans-da-secretaria-municipal-de-saude-a-sra-virginia-matos-gomes-dos","status":"publish","type":"post","link":"https:\/\/saobernardo.ma.gov.br\/transparencia\/portarias\/portaria-no-800-de-06-de-junho-de-2024-resolve-nomear-para-o-cargo-em-comissao-de-coordenador-de-atencao-basica-dans-da-secretaria-municipal-de-saude-a-sra-virginia-matos-gomes-dos\/","title":{"rendered":"REVOGADA &#8211; PORTARIA N\u00ba 800, DE 06 DE JUNHO DE 2024 &#8211; RESOLVE NOMEAR, para o Cargo em Comiss\u00e3o de Coordenador de  Aten\u00e7\u00e3o B\u00e1sica \u2013 DANS, da Secretaria Municipal de Sa\u00fade, a Sra. VIRG\u00cdNIA MATOS  GOMES DOS SANTOS."},"content":{"rendered":"","protected":false},"excerpt":{"rendered":"","protected":false},"author":6,"featured_media":0,"comment_status":"open","ping_status":"closed","sticky":false,"template":"","format":"standard","meta":{"_acf_changed":false,"footnotes":""},"categories":[4],"tags":[],"mes":[29],"ano":[57],"secretarias":[],"class_list":["post-18396","post","type-post","status-publish","format-standard","hentry","category-portarias","mes-junho","ano-57"],"acf":{"documento":"https:\/\/saobernardo.ma.gov.br\/transparencia\/wp-content\/uploads\/2024\/06\/PORTARIA-No-800-NOMEACAO-DE-VIRGINIA-MATOS-GOMES-DOS-SANTOS-COMO-COORDENADORA-DE-ATENCAO-BASICA-DA-SAUDE.pdf","link_csv":"","situacao_da_portaria":"REVOGADA","numero_do_documento":"2024","descricao":"Portaria","urldoarquivo":"https:\/\/saobernardo.ma.gov.br\/transparencia\/wp-content\/uploads\/2024\/06\/PORTARIA-No-800-NOMEACAO-DE-VIRGINIA-MATOS-GOMES-DOS-SANTOS-COMO-COORDENADORA-DE-ATENCAO-BASICA-DA-SAUDE-2.pdf"},"_links":{"self":[{"href":"https:\/\/saobernardo.ma.gov.br\/transparencia\/wp-json\/wp\/v2\/posts\/18396","targetHints":{"allow":["GET"]}}],"collection":[{"href":"https:\/\/saobernardo.ma.gov.br\/transparencia\/wp-json\/wp\/v2\/posts"}],"about":[{"href":"https:\/\/saobernardo.ma.gov.br\/transparencia\/wp-json\/wp\/v2\/types\/post"}],"author":[{"embeddable":true,"href":"https:\/\/saobernardo.ma.gov.br\/transparencia\/wp-json\/wp\/v2\/users\/6"}],"replies":[{"embeddable":true,"href":"https:\/\/saobernardo.ma.gov.br\/transparencia\/wp-json\/wp\/v2\/comments?post=18396"}],"version-history":[{"count":2,"href":"https:\/\/saobernardo.ma.gov.br\/transparencia\/wp-json\/wp\/v2\/posts\/18396\/revisions"}],"predecessor-version":[{"id":25491,"href":"https:\/\/saobernardo.ma.gov.br\/transparencia\/wp-json\/wp\/v2\/posts\/18396\/revisions\/25491"}],"wp:attachment":[{"href":"https:\/\/saobernardo.ma.gov.br\/transparencia\/wp-json\/wp\/v2\/media?parent=18396"}],"wp:term":[{"taxonomy":"category","embeddable":true,"href":"https:\/\/saobernardo.ma.gov.br\/transparencia\/wp-json\/wp\/v2\/categories?post=18396"},{"taxonomy":"post_tag","embeddable":true,"href":"https:\/\/saobernardo.ma.gov.br\/transparencia\/wp-json\/wp\/v2\/tags?post=18396"},{"taxonomy":"mes","embeddable":true,"href":"https:\/\/saobernardo.ma.gov.br\/transparencia\/wp-json\/wp\/v2\/mes?post=18396"},{"taxonomy":"ano","embeddable":true,"href":"https:\/\/saobernardo.ma.gov.br\/transparencia\/wp-json\/wp\/v2\/ano?post=18396"},{"taxonomy":"secretarias","embeddable":true,"href":"https:\/\/saobernardo.ma.gov.br\/transparencia\/wp-json\/wp\/v2\/secretarias?post=18396"}],"curies":[{"name":"wp","href":"https:\/\/api.w.org\/{rel}","templated":true}]}}