 {"id":18970,"date":"2024-07-17T19:18:18","date_gmt":"2024-07-17T22:18:18","guid":{"rendered":"https:\/\/saobernardo.ma.gov.br\/transparencia\/?p=18970"},"modified":"2024-07-20T19:21:57","modified_gmt":"2024-07-20T22:21:57","slug":"portaria-conjunta-no-03-de-17-de-julho-de-2024-dispoe-sobre-a-proibicao-de-entrada-de-garrafas-e-recipientes-de-vidros-no-circuito-do-6o-arraial-de-um-novo-tempo-e-da-outras-providencias","status":"publish","type":"post","link":"https:\/\/saobernardo.ma.gov.br\/transparencia\/portarias\/portaria-conjunta-no-03-de-17-de-julho-de-2024-dispoe-sobre-a-proibicao-de-entrada-de-garrafas-e-recipientes-de-vidros-no-circuito-do-6o-arraial-de-um-novo-tempo-e-da-outras-providencias\/","title":{"rendered":"PORTARIA CONJUNTA N\u00ba 03, DE 17 DE JULHO DE 2024 &#8211; &#8220;Disp\u00f5e sobre a proibi\u00e7\u00e3o de entrada de garrafas e recipientes de vidros no circuito do 6\u00ba Arraial de Um Novo Tempo&#8221;; e d\u00e1 outras provid\u00eancias &#8220;"},"content":{"rendered":"","protected":false},"excerpt":{"rendered":"","protected":false},"author":6,"featured_media":0,"comment_status":"open","ping_status":"closed","sticky":false,"template":"","format":"standard","meta":{"_acf_changed":false,"footnotes":""},"categories":[4],"tags":[],"mes":[30],"ano":[],"secretarias":[],"class_list":["post-18970","post","type-post","status-publish","format-standard","hentry","category-portarias","mes-julho"],"acf":{"documento":"https:\/\/saobernardo.ma.gov.br\/transparencia\/wp-content\/uploads\/2024\/07\/PORTARIA-CONJUNTA001.pdf","link_csv":"","situacao_da_portaria":"ATIVA"},"_links":{"self":[{"href":"https:\/\/saobernardo.ma.gov.br\/transparencia\/wp-json\/wp\/v2\/posts\/18970","targetHints":{"allow":["GET"]}}],"collection":[{"href":"https:\/\/saobernardo.ma.gov.br\/transparencia\/wp-json\/wp\/v2\/posts"}],"about":[{"href":"https:\/\/saobernardo.ma.gov.br\/transparencia\/wp-json\/wp\/v2\/types\/post"}],"author":[{"embeddable":true,"href":"https:\/\/saobernardo.ma.gov.br\/transparencia\/wp-json\/wp\/v2\/users\/6"}],"replies":[{"embeddable":true,"href":"https:\/\/saobernardo.ma.gov.br\/transparencia\/wp-json\/wp\/v2\/comments?post=18970"}],"version-history":[{"count":1,"href":"https:\/\/saobernardo.ma.gov.br\/transparencia\/wp-json\/wp\/v2\/posts\/18970\/revisions"}],"predecessor-version":[{"id":18972,"href":"https:\/\/saobernardo.ma.gov.br\/transparencia\/wp-json\/wp\/v2\/posts\/18970\/revisions\/18972"}],"wp:attachment":[{"href":"https:\/\/saobernardo.ma.gov.br\/transparencia\/wp-json\/wp\/v2\/media?parent=18970"}],"wp:term":[{"taxonomy":"category","embeddable":true,"href":"https:\/\/saobernardo.ma.gov.br\/transparencia\/wp-json\/wp\/v2\/categories?post=18970"},{"taxonomy":"post_tag","embeddable":true,"href":"https:\/\/saobernardo.ma.gov.br\/transparencia\/wp-json\/wp\/v2\/tags?post=18970"},{"taxonomy":"mes","embeddable":true,"href":"https:\/\/saobernardo.ma.gov.br\/transparencia\/wp-json\/wp\/v2\/mes?post=18970"},{"taxonomy":"ano","embeddable":true,"href":"https:\/\/saobernardo.ma.gov.br\/transparencia\/wp-json\/wp\/v2\/ano?post=18970"},{"taxonomy":"secretarias","embeddable":true,"href":"https:\/\/saobernardo.ma.gov.br\/transparencia\/wp-json\/wp\/v2\/secretarias?post=18970"}],"curies":[{"name":"wp","href":"https:\/\/api.w.org\/{rel}","templated":true}]}}