 {"id":1923,"date":"2020-03-30T18:52:11","date_gmt":"2020-03-30T21:52:11","guid":{"rendered":"http:\/\/saobernardo.ma.gov.br\/transparencia\/?p=1923"},"modified":"2023-06-13T16:20:34","modified_gmt":"2023-06-13T19:20:34","slug":"decreto-municipal-no-92-de-30-de-marco-de-2020-dispoe-sobre-a-prorrogacao-das-medidas-restritivas-e-de-isolamento-social-que-trata-da-convid-19-previstas-nos-decretos-municipais-nos-89-e-9","status":"publish","type":"post","link":"https:\/\/saobernardo.ma.gov.br\/transparencia\/decretos\/decreto-municipal-no-92-de-30-de-marco-de-2020-dispoe-sobre-a-prorrogacao-das-medidas-restritivas-e-de-isolamento-social-que-trata-da-convid-19-previstas-nos-decretos-municipais-nos-89-e-9\/","title":{"rendered":"DECRETO MUNICIPAL N\u00ba 92, DE 30 DE MAR\u00c7O DE 2020 &#8211; \u201cDISP\u00d5E SOBRE A PRORROGA\u00c7\u00c3O DAS MEDIDAS RESTRITIVAS E DE ISOLAMENTO SOCIAL QUE TRATA DA CONVID-19 PREVISTAS NOS DECRETOS MUNICIPAIS N\u00bas 89 E 90\/2020, E DAS OUTRAS PROVIDENCIAS.\u201d"},"content":{"rendered":"","protected":false},"excerpt":{"rendered":"","protected":false},"author":2,"featured_media":0,"comment_status":"open","ping_status":"closed","sticky":false,"template":"","format":"standard","meta":{"_acf_changed":false,"footnotes":""},"categories":[3],"tags":[],"mes":[26],"ano":[36],"secretarias":[],"class_list":["post-1923","post","type-post","status-publish","format-standard","hentry","category-decretos","mes-marco","ano-36"],"acf":{"documento":"https:\/\/saobernardo.ma.gov.br\/transparencia\/wp-content\/uploads\/2020\/04\/DECRETO-N\u00ba-92-30-03-2020-CONVID-19-3.pdf","link_csv":""},"_links":{"self":[{"href":"https:\/\/saobernardo.ma.gov.br\/transparencia\/wp-json\/wp\/v2\/posts\/1923","targetHints":{"allow":["GET"]}}],"collection":[{"href":"https:\/\/saobernardo.ma.gov.br\/transparencia\/wp-json\/wp\/v2\/posts"}],"about":[{"href":"https:\/\/saobernardo.ma.gov.br\/transparencia\/wp-json\/wp\/v2\/types\/post"}],"author":[{"embeddable":true,"href":"https:\/\/saobernardo.ma.gov.br\/transparencia\/wp-json\/wp\/v2\/users\/2"}],"replies":[{"embeddable":true,"href":"https:\/\/saobernardo.ma.gov.br\/transparencia\/wp-json\/wp\/v2\/comments?post=1923"}],"version-history":[{"count":1,"href":"https:\/\/saobernardo.ma.gov.br\/transparencia\/wp-json\/wp\/v2\/posts\/1923\/revisions"}],"predecessor-version":[{"id":1925,"href":"https:\/\/saobernardo.ma.gov.br\/transparencia\/wp-json\/wp\/v2\/posts\/1923\/revisions\/1925"}],"wp:attachment":[{"href":"https:\/\/saobernardo.ma.gov.br\/transparencia\/wp-json\/wp\/v2\/media?parent=1923"}],"wp:term":[{"taxonomy":"category","embeddable":true,"href":"https:\/\/saobernardo.ma.gov.br\/transparencia\/wp-json\/wp\/v2\/categories?post=1923"},{"taxonomy":"post_tag","embeddable":true,"href":"https:\/\/saobernardo.ma.gov.br\/transparencia\/wp-json\/wp\/v2\/tags?post=1923"},{"taxonomy":"mes","embeddable":true,"href":"https:\/\/saobernardo.ma.gov.br\/transparencia\/wp-json\/wp\/v2\/mes?post=1923"},{"taxonomy":"ano","embeddable":true,"href":"https:\/\/saobernardo.ma.gov.br\/transparencia\/wp-json\/wp\/v2\/ano?post=1923"},{"taxonomy":"secretarias","embeddable":true,"href":"https:\/\/saobernardo.ma.gov.br\/transparencia\/wp-json\/wp\/v2\/secretarias?post=1923"}],"curies":[{"name":"wp","href":"https:\/\/api.w.org\/{rel}","templated":true}]}}