 {"id":19730,"date":"2024-11-08T12:44:22","date_gmt":"2024-11-08T15:44:22","guid":{"rendered":"https:\/\/saobernardo.ma.gov.br\/transparencia\/?p=19730"},"modified":"2024-11-08T12:44:22","modified_gmt":"2024-11-08T15:44:22","slug":"portaria-no-878-de-08-de-novembro-de-2024-resolve-nomear-para-o-cargo-em-comissao-de-chefe-do-departamento-do-censo-escolar-das-da-secretaria-municipal-de-educacao-ciencia-tecnologia","status":"publish","type":"post","link":"https:\/\/saobernardo.ma.gov.br\/transparencia\/portarias\/portaria-no-878-de-08-de-novembro-de-2024-resolve-nomear-para-o-cargo-em-comissao-de-chefe-do-departamento-do-censo-escolar-das-da-secretaria-municipal-de-educacao-ciencia-tecnologia\/","title":{"rendered":"PORTARIA N\u00ba 878, DE 08 DE NOVEMBRO DE 2024 &#8211; RESOLVE NOMEAR, para o Cargo em Comiss\u00e3o de Chefe do Departamento  do Censo Escolar \u2013 DAS, da Secretaria Municipal de Educa\u00e7\u00e3o, Ci\u00eancia, Tecnologia  e Inova\u00e7\u00e3o, a Sra. SUZANY MEIRELES SILVA."},"content":{"rendered":"","protected":false},"excerpt":{"rendered":"","protected":false},"author":6,"featured_media":0,"comment_status":"open","ping_status":"closed","sticky":false,"template":"","format":"standard","meta":{"_acf_changed":false,"footnotes":""},"categories":[4],"tags":[],"mes":[34],"ano":[57],"secretarias":[],"class_list":["post-19730","post","type-post","status-publish","format-standard","hentry","category-portarias","mes-novembro","ano-57"],"acf":{"documento":"https:\/\/saobernardo.ma.gov.br\/transparencia\/wp-content\/uploads\/2024\/11\/PORTARIA-No-878-NOMEACAO-DE-SUZANY-MEIRELES-SILVA-COMO-CHEFE-DO-DEPARTAMENTO-DO-CENSO-ESCOLAR-DA-SEMECTI.pdf","link_csv":"","situacao_da_portaria":"ATIVA"},"_links":{"self":[{"href":"https:\/\/saobernardo.ma.gov.br\/transparencia\/wp-json\/wp\/v2\/posts\/19730","targetHints":{"allow":["GET"]}}],"collection":[{"href":"https:\/\/saobernardo.ma.gov.br\/transparencia\/wp-json\/wp\/v2\/posts"}],"about":[{"href":"https:\/\/saobernardo.ma.gov.br\/transparencia\/wp-json\/wp\/v2\/types\/post"}],"author":[{"embeddable":true,"href":"https:\/\/saobernardo.ma.gov.br\/transparencia\/wp-json\/wp\/v2\/users\/6"}],"replies":[{"embeddable":true,"href":"https:\/\/saobernardo.ma.gov.br\/transparencia\/wp-json\/wp\/v2\/comments?post=19730"}],"version-history":[{"count":1,"href":"https:\/\/saobernardo.ma.gov.br\/transparencia\/wp-json\/wp\/v2\/posts\/19730\/revisions"}],"predecessor-version":[{"id":19732,"href":"https:\/\/saobernardo.ma.gov.br\/transparencia\/wp-json\/wp\/v2\/posts\/19730\/revisions\/19732"}],"wp:attachment":[{"href":"https:\/\/saobernardo.ma.gov.br\/transparencia\/wp-json\/wp\/v2\/media?parent=19730"}],"wp:term":[{"taxonomy":"category","embeddable":true,"href":"https:\/\/saobernardo.ma.gov.br\/transparencia\/wp-json\/wp\/v2\/categories?post=19730"},{"taxonomy":"post_tag","embeddable":true,"href":"https:\/\/saobernardo.ma.gov.br\/transparencia\/wp-json\/wp\/v2\/tags?post=19730"},{"taxonomy":"mes","embeddable":true,"href":"https:\/\/saobernardo.ma.gov.br\/transparencia\/wp-json\/wp\/v2\/mes?post=19730"},{"taxonomy":"ano","embeddable":true,"href":"https:\/\/saobernardo.ma.gov.br\/transparencia\/wp-json\/wp\/v2\/ano?post=19730"},{"taxonomy":"secretarias","embeddable":true,"href":"https:\/\/saobernardo.ma.gov.br\/transparencia\/wp-json\/wp\/v2\/secretarias?post=19730"}],"curies":[{"name":"wp","href":"https:\/\/api.w.org\/{rel}","templated":true}]}}