 {"id":20084,"date":"2025-01-01T04:26:18","date_gmt":"2025-01-01T07:26:18","guid":{"rendered":"https:\/\/saobernardo.ma.gov.br\/transparencia\/?p=20084"},"modified":"2025-01-01T04:26:18","modified_gmt":"2025-01-01T07:26:18","slug":"portaria-no-018-de-01-de-janeiro-de-2025-resolve-designar-para-o-cargo-em-comissao-de-coordenador-geral-de-compras-licitacao-e-logistica-pregoeiro-dans-da-secretaria-municipal-de-gestao-oa","status":"publish","type":"post","link":"https:\/\/saobernardo.ma.gov.br\/transparencia\/portarias\/portaria-no-018-de-01-de-janeiro-de-2025-resolve-designar-para-o-cargo-em-comissao-de-coordenador-geral-de-compras-licitacao-e-logistica-pregoeiro-dans-da-secretaria-municipal-de-gestao-oa\/","title":{"rendered":"PORTARIA N\u00ba 018, DE 01 DE JANEIRO DE 2025 &#8211; RESOLVE DESIGNAR, para o Cargo em Comiss\u00e3o de COORDENADOR GERAL DE COMPRAS, LICITA\u00c7\u00c3O E LOGISTICA (PREGOEIRO) &#8211; DANS, da SECRETARIA MUNICIPAL DE GEST\u00c3O, o(a) Sr(a). ADILA CRISTINA DOS REIS PEREIRA"},"content":{"rendered":"","protected":false},"excerpt":{"rendered":"","protected":false},"author":6,"featured_media":0,"comment_status":"open","ping_status":"closed","sticky":false,"template":"","format":"standard","meta":{"_acf_changed":false,"footnotes":""},"categories":[4],"tags":[],"mes":[24],"ano":[60],"secretarias":[],"class_list":["post-20084","post","type-post","status-publish","format-standard","hentry","category-portarias","mes-janeiro","ano-60"],"acf":{"documento":"https:\/\/saobernardo.ma.gov.br\/transparencia\/wp-content\/uploads\/2025\/01\/18-PREGOEIRO.pdf","link_csv":"","situacao_da_portaria":"ATIVA"},"_links":{"self":[{"href":"https:\/\/saobernardo.ma.gov.br\/transparencia\/wp-json\/wp\/v2\/posts\/20084","targetHints":{"allow":["GET"]}}],"collection":[{"href":"https:\/\/saobernardo.ma.gov.br\/transparencia\/wp-json\/wp\/v2\/posts"}],"about":[{"href":"https:\/\/saobernardo.ma.gov.br\/transparencia\/wp-json\/wp\/v2\/types\/post"}],"author":[{"embeddable":true,"href":"https:\/\/saobernardo.ma.gov.br\/transparencia\/wp-json\/wp\/v2\/users\/6"}],"replies":[{"embeddable":true,"href":"https:\/\/saobernardo.ma.gov.br\/transparencia\/wp-json\/wp\/v2\/comments?post=20084"}],"version-history":[{"count":1,"href":"https:\/\/saobernardo.ma.gov.br\/transparencia\/wp-json\/wp\/v2\/posts\/20084\/revisions"}],"predecessor-version":[{"id":20086,"href":"https:\/\/saobernardo.ma.gov.br\/transparencia\/wp-json\/wp\/v2\/posts\/20084\/revisions\/20086"}],"wp:attachment":[{"href":"https:\/\/saobernardo.ma.gov.br\/transparencia\/wp-json\/wp\/v2\/media?parent=20084"}],"wp:term":[{"taxonomy":"category","embeddable":true,"href":"https:\/\/saobernardo.ma.gov.br\/transparencia\/wp-json\/wp\/v2\/categories?post=20084"},{"taxonomy":"post_tag","embeddable":true,"href":"https:\/\/saobernardo.ma.gov.br\/transparencia\/wp-json\/wp\/v2\/tags?post=20084"},{"taxonomy":"mes","embeddable":true,"href":"https:\/\/saobernardo.ma.gov.br\/transparencia\/wp-json\/wp\/v2\/mes?post=20084"},{"taxonomy":"ano","embeddable":true,"href":"https:\/\/saobernardo.ma.gov.br\/transparencia\/wp-json\/wp\/v2\/ano?post=20084"},{"taxonomy":"secretarias","embeddable":true,"href":"https:\/\/saobernardo.ma.gov.br\/transparencia\/wp-json\/wp\/v2\/secretarias?post=20084"}],"curies":[{"name":"wp","href":"https:\/\/api.w.org\/{rel}","templated":true}]}}