 {"id":20099,"date":"2025-01-01T04:41:38","date_gmt":"2025-01-01T07:41:38","guid":{"rendered":"https:\/\/saobernardo.ma.gov.br\/transparencia\/?p=20099"},"modified":"2025-01-01T04:41:38","modified_gmt":"2025-01-01T07:41:38","slug":"portaria-no-023-de-01-de-janeiro-de-2025-resolve-nomear-para-o-cargo-em-comissao-de-coordenador-de-tributos-e-arrecadacao-dans-da-secretaria-municipal-de-fazenda-oa-s-r-genezio-evangelista","status":"publish","type":"post","link":"https:\/\/saobernardo.ma.gov.br\/transparencia\/portarias\/portaria-no-023-de-01-de-janeiro-de-2025-resolve-nomear-para-o-cargo-em-comissao-de-coordenador-de-tributos-e-arrecadacao-dans-da-secretaria-municipal-de-fazenda-oa-s-r-genezio-evangelista\/","title":{"rendered":"PORTARIA N\u00ba 023, DE 01 DE JANEIRO DE 2025 &#8211; RESOLVE NOMEAR, para o Cargo em Comiss\u00e3o de COORDENADOR DE TRIBUTOS E ARRECADA\u00c7\u00c3O &#8211; DANS, da SECRETARIA MUNICIPAL DE FAZENDA, o(a) S.r. GENEZIO EVANGELISTA DE CARVALHO JUNIOR."},"content":{"rendered":"","protected":false},"excerpt":{"rendered":"","protected":false},"author":6,"featured_media":0,"comment_status":"open","ping_status":"closed","sticky":false,"template":"","format":"standard","meta":{"_acf_changed":false,"footnotes":""},"categories":[4],"tags":[],"mes":[24],"ano":[60],"secretarias":[],"class_list":["post-20099","post","type-post","status-publish","format-standard","hentry","category-portarias","mes-janeiro","ano-60"],"acf":{"documento":"https:\/\/saobernardo.ma.gov.br\/transparencia\/wp-content\/uploads\/2025\/01\/23-TRIBUTOS.pdf","link_csv":"","situacao_da_portaria":"ATIVA"},"_links":{"self":[{"href":"https:\/\/saobernardo.ma.gov.br\/transparencia\/wp-json\/wp\/v2\/posts\/20099","targetHints":{"allow":["GET"]}}],"collection":[{"href":"https:\/\/saobernardo.ma.gov.br\/transparencia\/wp-json\/wp\/v2\/posts"}],"about":[{"href":"https:\/\/saobernardo.ma.gov.br\/transparencia\/wp-json\/wp\/v2\/types\/post"}],"author":[{"embeddable":true,"href":"https:\/\/saobernardo.ma.gov.br\/transparencia\/wp-json\/wp\/v2\/users\/6"}],"replies":[{"embeddable":true,"href":"https:\/\/saobernardo.ma.gov.br\/transparencia\/wp-json\/wp\/v2\/comments?post=20099"}],"version-history":[{"count":1,"href":"https:\/\/saobernardo.ma.gov.br\/transparencia\/wp-json\/wp\/v2\/posts\/20099\/revisions"}],"predecessor-version":[{"id":20101,"href":"https:\/\/saobernardo.ma.gov.br\/transparencia\/wp-json\/wp\/v2\/posts\/20099\/revisions\/20101"}],"wp:attachment":[{"href":"https:\/\/saobernardo.ma.gov.br\/transparencia\/wp-json\/wp\/v2\/media?parent=20099"}],"wp:term":[{"taxonomy":"category","embeddable":true,"href":"https:\/\/saobernardo.ma.gov.br\/transparencia\/wp-json\/wp\/v2\/categories?post=20099"},{"taxonomy":"post_tag","embeddable":true,"href":"https:\/\/saobernardo.ma.gov.br\/transparencia\/wp-json\/wp\/v2\/tags?post=20099"},{"taxonomy":"mes","embeddable":true,"href":"https:\/\/saobernardo.ma.gov.br\/transparencia\/wp-json\/wp\/v2\/mes?post=20099"},{"taxonomy":"ano","embeddable":true,"href":"https:\/\/saobernardo.ma.gov.br\/transparencia\/wp-json\/wp\/v2\/ano?post=20099"},{"taxonomy":"secretarias","embeddable":true,"href":"https:\/\/saobernardo.ma.gov.br\/transparencia\/wp-json\/wp\/v2\/secretarias?post=20099"}],"curies":[{"name":"wp","href":"https:\/\/api.w.org\/{rel}","templated":true}]}}