 {"id":20122,"date":"2025-01-01T04:55:53","date_gmt":"2025-01-01T07:55:53","guid":{"rendered":"https:\/\/saobernardo.ma.gov.br\/transparencia\/?p=20122"},"modified":"2025-01-01T04:55:53","modified_gmt":"2025-01-01T07:55:53","slug":"portaria-no-030-de-01-de-janeiro-de-2025-resolve-designar-para-o-cargo-em-comissao-de-coordenador-de-planejamento-e-orcamento-dans-da-secretaria-municipal-de-saude-oa-sra-edilberto-viana","status":"publish","type":"post","link":"https:\/\/saobernardo.ma.gov.br\/transparencia\/portarias\/portaria-no-030-de-01-de-janeiro-de-2025-resolve-designar-para-o-cargo-em-comissao-de-coordenador-de-planejamento-e-orcamento-dans-da-secretaria-municipal-de-saude-oa-sra-edilberto-viana\/","title":{"rendered":"PORTARIA N\u00ba 030, DE 01 DE JANEIRO DE 2025 &#8211; RESOLVE DESIGNAR, para o Cargo em Comiss\u00e3o de COORDENADOR DE PLANEJAMENTO E OR\u00c7AMENTO &#8211; DANS, da SECRETARIA MUNICIPAL DE SA\u00daDE, o(a) Sr(a). EDILBERTO VIANA SILVA."},"content":{"rendered":"","protected":false},"excerpt":{"rendered":"","protected":false},"author":6,"featured_media":0,"comment_status":"open","ping_status":"closed","sticky":false,"template":"","format":"standard","meta":{"_acf_changed":false,"footnotes":""},"categories":[4],"tags":[],"mes":[24],"ano":[60],"secretarias":[],"class_list":["post-20122","post","type-post","status-publish","format-standard","hentry","category-portarias","mes-janeiro","ano-60"],"acf":{"documento":"https:\/\/saobernardo.ma.gov.br\/transparencia\/wp-content\/uploads\/2025\/01\/30-ORCAMENTO-SAUDE.pdf","link_csv":"","situacao_da_portaria":"ATIVA"},"_links":{"self":[{"href":"https:\/\/saobernardo.ma.gov.br\/transparencia\/wp-json\/wp\/v2\/posts\/20122","targetHints":{"allow":["GET"]}}],"collection":[{"href":"https:\/\/saobernardo.ma.gov.br\/transparencia\/wp-json\/wp\/v2\/posts"}],"about":[{"href":"https:\/\/saobernardo.ma.gov.br\/transparencia\/wp-json\/wp\/v2\/types\/post"}],"author":[{"embeddable":true,"href":"https:\/\/saobernardo.ma.gov.br\/transparencia\/wp-json\/wp\/v2\/users\/6"}],"replies":[{"embeddable":true,"href":"https:\/\/saobernardo.ma.gov.br\/transparencia\/wp-json\/wp\/v2\/comments?post=20122"}],"version-history":[{"count":1,"href":"https:\/\/saobernardo.ma.gov.br\/transparencia\/wp-json\/wp\/v2\/posts\/20122\/revisions"}],"predecessor-version":[{"id":20124,"href":"https:\/\/saobernardo.ma.gov.br\/transparencia\/wp-json\/wp\/v2\/posts\/20122\/revisions\/20124"}],"wp:attachment":[{"href":"https:\/\/saobernardo.ma.gov.br\/transparencia\/wp-json\/wp\/v2\/media?parent=20122"}],"wp:term":[{"taxonomy":"category","embeddable":true,"href":"https:\/\/saobernardo.ma.gov.br\/transparencia\/wp-json\/wp\/v2\/categories?post=20122"},{"taxonomy":"post_tag","embeddable":true,"href":"https:\/\/saobernardo.ma.gov.br\/transparencia\/wp-json\/wp\/v2\/tags?post=20122"},{"taxonomy":"mes","embeddable":true,"href":"https:\/\/saobernardo.ma.gov.br\/transparencia\/wp-json\/wp\/v2\/mes?post=20122"},{"taxonomy":"ano","embeddable":true,"href":"https:\/\/saobernardo.ma.gov.br\/transparencia\/wp-json\/wp\/v2\/ano?post=20122"},{"taxonomy":"secretarias","embeddable":true,"href":"https:\/\/saobernardo.ma.gov.br\/transparencia\/wp-json\/wp\/v2\/secretarias?post=20122"}],"curies":[{"name":"wp","href":"https:\/\/api.w.org\/{rel}","templated":true}]}}