 {"id":2050,"date":"2020-05-29T13:51:35","date_gmt":"2020-05-29T16:51:35","guid":{"rendered":"http:\/\/saobernardo.ma.gov.br\/transparencia\/?p=2050"},"modified":"2023-06-13T16:06:25","modified_gmt":"2023-06-13T19:06:25","slug":"decreto-municipal-no-103-de-29-de-maio-de-2020-dispoe-sobre-a-prorrogacao-das-medidas-restritivas-e-de-isolamento-social-que-trata-da-convid-19-nos-decretos-municipais-nos-96-e-98-2020-decr","status":"publish","type":"post","link":"https:\/\/saobernardo.ma.gov.br\/transparencia\/decretos\/decreto-municipal-no-103-de-29-de-maio-de-2020-dispoe-sobre-a-prorrogacao-das-medidas-restritivas-e-de-isolamento-social-que-trata-da-convid-19-nos-decretos-municipais-nos-96-e-98-2020-decr\/","title":{"rendered":"DECRETO MUNICIPAL N\u00ba 103, DE 29 DE MAIO DE 2020.\u201cDISP\u00d5E SOBRE A PRORROGA\u00c7\u00c3O DAS MEDIDAS RESTRITIVAS E DE ISOLAMENTO SOCIAL QUE TRATA DA CONVID-19 NOS DECRETOS MUNICIPAIS N\u00baS 96 E 98\/2020; DECRETA TOQUE DE RECOLHER PARA A POPULA\u00c7\u00c3O NO PER\u00cdODO NOTURNO E NOS FINAIS DE SEMANA; E DAS OUTRAS PROVIDENCIAS.\u201d"},"content":{"rendered":"","protected":false},"excerpt":{"rendered":"","protected":false},"author":2,"featured_media":0,"comment_status":"open","ping_status":"closed","sticky":false,"template":"","format":"standard","meta":{"_acf_changed":false,"footnotes":""},"categories":[3,13],"tags":[],"mes":[28],"ano":[36],"secretarias":[],"class_list":["post-2050","post","type-post","status-publish","format-standard","hentry","category-decretos","category-informativoscombateaocovid19","mes-maio","ano-36"],"acf":{"documento":"https:\/\/saobernardo.ma.gov.br\/transparencia\/wp-content\/uploads\/2020\/05\/DECRETO-MUNICIPAL-N\u00ba-103-DE-29-DE-MAIO-DE-2020..pdf","link_csv":""},"_links":{"self":[{"href":"https:\/\/saobernardo.ma.gov.br\/transparencia\/wp-json\/wp\/v2\/posts\/2050","targetHints":{"allow":["GET"]}}],"collection":[{"href":"https:\/\/saobernardo.ma.gov.br\/transparencia\/wp-json\/wp\/v2\/posts"}],"about":[{"href":"https:\/\/saobernardo.ma.gov.br\/transparencia\/wp-json\/wp\/v2\/types\/post"}],"author":[{"embeddable":true,"href":"https:\/\/saobernardo.ma.gov.br\/transparencia\/wp-json\/wp\/v2\/users\/2"}],"replies":[{"embeddable":true,"href":"https:\/\/saobernardo.ma.gov.br\/transparencia\/wp-json\/wp\/v2\/comments?post=2050"}],"version-history":[{"count":1,"href":"https:\/\/saobernardo.ma.gov.br\/transparencia\/wp-json\/wp\/v2\/posts\/2050\/revisions"}],"predecessor-version":[{"id":2052,"href":"https:\/\/saobernardo.ma.gov.br\/transparencia\/wp-json\/wp\/v2\/posts\/2050\/revisions\/2052"}],"wp:attachment":[{"href":"https:\/\/saobernardo.ma.gov.br\/transparencia\/wp-json\/wp\/v2\/media?parent=2050"}],"wp:term":[{"taxonomy":"category","embeddable":true,"href":"https:\/\/saobernardo.ma.gov.br\/transparencia\/wp-json\/wp\/v2\/categories?post=2050"},{"taxonomy":"post_tag","embeddable":true,"href":"https:\/\/saobernardo.ma.gov.br\/transparencia\/wp-json\/wp\/v2\/tags?post=2050"},{"taxonomy":"mes","embeddable":true,"href":"https:\/\/saobernardo.ma.gov.br\/transparencia\/wp-json\/wp\/v2\/mes?post=2050"},{"taxonomy":"ano","embeddable":true,"href":"https:\/\/saobernardo.ma.gov.br\/transparencia\/wp-json\/wp\/v2\/ano?post=2050"},{"taxonomy":"secretarias","embeddable":true,"href":"https:\/\/saobernardo.ma.gov.br\/transparencia\/wp-json\/wp\/v2\/secretarias?post=2050"}],"curies":[{"name":"wp","href":"https:\/\/api.w.org\/{rel}","templated":true}]}}