 {"id":20703,"date":"2025-01-03T17:26:51","date_gmt":"2025-01-03T20:26:51","guid":{"rendered":"https:\/\/saobernardo.ma.gov.br\/transparencia\/?p=20703"},"modified":"2025-01-03T17:26:51","modified_gmt":"2025-01-03T20:26:51","slug":"decreto-municipal-no-01-de-03-de-janeiro-de-2025-prorroga-o-recesso-funcional-das-reparticoes-publicas-do-municipio-de-sao-bernardo-ma-para-o-dia-12-de-janeiro-de-2025-e-da-out","status":"publish","type":"post","link":"https:\/\/saobernardo.ma.gov.br\/transparencia\/decretos\/decreto-municipal-no-01-de-03-de-janeiro-de-2025-prorroga-o-recesso-funcional-das-reparticoes-publicas-do-municipio-de-sao-bernardo-ma-para-o-dia-12-de-janeiro-de-2025-e-da-out\/","title":{"rendered":"DECRETO MUNICIPAL N\u00ba 01, DE 03 DE JANEIRO DE 2025 &#8211; \u201cProrroga o recesso funcional das reparti\u00e7\u00f5es p\u00fablicas do Munic\u00edpio de S\u00e3o Bernardo \u2013 MA, para o dia 12 de janeiro de 2025, e d\u00e1 outras provid\u00eancias."},"content":{"rendered":"","protected":false},"excerpt":{"rendered":"","protected":false},"author":6,"featured_media":0,"comment_status":"open","ping_status":"closed","sticky":false,"template":"","format":"standard","meta":{"_acf_changed":false,"footnotes":""},"categories":[3],"tags":[],"mes":[24],"ano":[60],"secretarias":[],"class_list":["post-20703","post","type-post","status-publish","format-standard","hentry","category-decretos","mes-janeiro","ano-60"],"acf":{"documento":"https:\/\/saobernardo.ma.gov.br\/transparencia\/wp-content\/uploads\/2025\/01\/DECRETO-MUNICIPAL-No-01-2025-PRORROGA-O-RECESSO-FUNCIONAL.pdf","link_csv":""},"_links":{"self":[{"href":"https:\/\/saobernardo.ma.gov.br\/transparencia\/wp-json\/wp\/v2\/posts\/20703","targetHints":{"allow":["GET"]}}],"collection":[{"href":"https:\/\/saobernardo.ma.gov.br\/transparencia\/wp-json\/wp\/v2\/posts"}],"about":[{"href":"https:\/\/saobernardo.ma.gov.br\/transparencia\/wp-json\/wp\/v2\/types\/post"}],"author":[{"embeddable":true,"href":"https:\/\/saobernardo.ma.gov.br\/transparencia\/wp-json\/wp\/v2\/users\/6"}],"replies":[{"embeddable":true,"href":"https:\/\/saobernardo.ma.gov.br\/transparencia\/wp-json\/wp\/v2\/comments?post=20703"}],"version-history":[{"count":1,"href":"https:\/\/saobernardo.ma.gov.br\/transparencia\/wp-json\/wp\/v2\/posts\/20703\/revisions"}],"predecessor-version":[{"id":20705,"href":"https:\/\/saobernardo.ma.gov.br\/transparencia\/wp-json\/wp\/v2\/posts\/20703\/revisions\/20705"}],"wp:attachment":[{"href":"https:\/\/saobernardo.ma.gov.br\/transparencia\/wp-json\/wp\/v2\/media?parent=20703"}],"wp:term":[{"taxonomy":"category","embeddable":true,"href":"https:\/\/saobernardo.ma.gov.br\/transparencia\/wp-json\/wp\/v2\/categories?post=20703"},{"taxonomy":"post_tag","embeddable":true,"href":"https:\/\/saobernardo.ma.gov.br\/transparencia\/wp-json\/wp\/v2\/tags?post=20703"},{"taxonomy":"mes","embeddable":true,"href":"https:\/\/saobernardo.ma.gov.br\/transparencia\/wp-json\/wp\/v2\/mes?post=20703"},{"taxonomy":"ano","embeddable":true,"href":"https:\/\/saobernardo.ma.gov.br\/transparencia\/wp-json\/wp\/v2\/ano?post=20703"},{"taxonomy":"secretarias","embeddable":true,"href":"https:\/\/saobernardo.ma.gov.br\/transparencia\/wp-json\/wp\/v2\/secretarias?post=20703"}],"curies":[{"name":"wp","href":"https:\/\/api.w.org\/{rel}","templated":true}]}}