 {"id":20769,"date":"2025-01-14T09:31:54","date_gmt":"2025-01-14T12:31:54","guid":{"rendered":"https:\/\/saobernardo.ma.gov.br\/transparencia\/?p=20769"},"modified":"2025-01-14T09:31:54","modified_gmt":"2025-01-14T12:31:54","slug":"portaria-no-223-de-13-de-janeiro-de-2025-resolve-nomear-para-o-cargo-em-comissao-de-chefe-do-departamento-de-urbanizacao-e-paisagismo-das-da-secretaria-municipal-de-urbanismo-e-servicos","status":"publish","type":"post","link":"https:\/\/saobernardo.ma.gov.br\/transparencia\/portarias\/portaria-no-223-de-13-de-janeiro-de-2025-resolve-nomear-para-o-cargo-em-comissao-de-chefe-do-departamento-de-urbanizacao-e-paisagismo-das-da-secretaria-municipal-de-urbanismo-e-servicos\/","title":{"rendered":"PORTARIA N\u00ba 223, DE 13 DE JANEIRO DE 2025 &#8211; RESOLVE NOMEAR, para o Cargo em Comiss\u00e3o de CHEFE DO DEPARTAMENTO DE URBANIZA\u00c7\u00c3O E PAISAGISMO \u2013 DAS, da SECRETARIA MUNICIPAL DE URBANISMO E SERVI\u00c7OS P\u00daBLICOS, o (a) S.r.(a). WAGNER CARVALHO SILVA."},"content":{"rendered":"","protected":false},"excerpt":{"rendered":"","protected":false},"author":6,"featured_media":0,"comment_status":"open","ping_status":"closed","sticky":false,"template":"","format":"standard","meta":{"_acf_changed":false,"footnotes":""},"categories":[4],"tags":[],"mes":[24],"ano":[60],"secretarias":[],"class_list":["post-20769","post","type-post","status-publish","format-standard","hentry","category-portarias","mes-janeiro","ano-60"],"acf":{"documento":"https:\/\/saobernardo.ma.gov.br\/transparencia\/wp-content\/uploads\/2025\/01\/PORTARIA-No-223-NOMEACAO-DE-WAGNER-CARVALHO-SILVA-COMO-CHEFE-DO-DEPARTAMENTO-DE-URBANIZACAO-E-PAISAGISMO-DA-SCR-DE-URABNISMO-E-SERVICOS-PUBLICOS.pdf","link_csv":"","situacao_da_portaria":"ATIVA"},"_links":{"self":[{"href":"https:\/\/saobernardo.ma.gov.br\/transparencia\/wp-json\/wp\/v2\/posts\/20769","targetHints":{"allow":["GET"]}}],"collection":[{"href":"https:\/\/saobernardo.ma.gov.br\/transparencia\/wp-json\/wp\/v2\/posts"}],"about":[{"href":"https:\/\/saobernardo.ma.gov.br\/transparencia\/wp-json\/wp\/v2\/types\/post"}],"author":[{"embeddable":true,"href":"https:\/\/saobernardo.ma.gov.br\/transparencia\/wp-json\/wp\/v2\/users\/6"}],"replies":[{"embeddable":true,"href":"https:\/\/saobernardo.ma.gov.br\/transparencia\/wp-json\/wp\/v2\/comments?post=20769"}],"version-history":[{"count":1,"href":"https:\/\/saobernardo.ma.gov.br\/transparencia\/wp-json\/wp\/v2\/posts\/20769\/revisions"}],"predecessor-version":[{"id":20771,"href":"https:\/\/saobernardo.ma.gov.br\/transparencia\/wp-json\/wp\/v2\/posts\/20769\/revisions\/20771"}],"wp:attachment":[{"href":"https:\/\/saobernardo.ma.gov.br\/transparencia\/wp-json\/wp\/v2\/media?parent=20769"}],"wp:term":[{"taxonomy":"category","embeddable":true,"href":"https:\/\/saobernardo.ma.gov.br\/transparencia\/wp-json\/wp\/v2\/categories?post=20769"},{"taxonomy":"post_tag","embeddable":true,"href":"https:\/\/saobernardo.ma.gov.br\/transparencia\/wp-json\/wp\/v2\/tags?post=20769"},{"taxonomy":"mes","embeddable":true,"href":"https:\/\/saobernardo.ma.gov.br\/transparencia\/wp-json\/wp\/v2\/mes?post=20769"},{"taxonomy":"ano","embeddable":true,"href":"https:\/\/saobernardo.ma.gov.br\/transparencia\/wp-json\/wp\/v2\/ano?post=20769"},{"taxonomy":"secretarias","embeddable":true,"href":"https:\/\/saobernardo.ma.gov.br\/transparencia\/wp-json\/wp\/v2\/secretarias?post=20769"}],"curies":[{"name":"wp","href":"https:\/\/api.w.org\/{rel}","templated":true}]}}