 {"id":20943,"date":"2025-01-27T15:59:08","date_gmt":"2025-01-27T18:59:08","guid":{"rendered":"https:\/\/saobernardo.ma.gov.br\/transparencia\/?p=20943"},"modified":"2025-01-27T15:59:08","modified_gmt":"2025-01-27T18:59:08","slug":"portaria-no-247-de-27-de-janeiro-de-2025-resolve-nomear-do-cargo-em-comissao-de-assessor-pedagogico-nivel-i-dans-da-secretaria-municipal-de-educacao-ciencia-tecnologia-e-inovacao-o","status":"publish","type":"post","link":"https:\/\/saobernardo.ma.gov.br\/transparencia\/portarias\/portaria-no-247-de-27-de-janeiro-de-2025-resolve-nomear-do-cargo-em-comissao-de-assessor-pedagogico-nivel-i-dans-da-secretaria-municipal-de-educacao-ciencia-tecnologia-e-inovacao-o\/","title":{"rendered":"PORTARIA N\u00ba 247, DE 27 DE JANEIRO DE 2025 &#8211; RESOLVE NOMEAR, do Cargo em Comiss\u00e3o de ASSESSOR PEDAG\u00d3GICO N\u00cdVEL I \u2013 DANS, da SECRETARIA MUNICIPAL DE EDUCA\u00c7AO, CI\u00caNCIA, TECNOLOGIA E INOVA\u00c7\u00c3O, o (a) Sr. (a), ELI\u00daDE DA CUNHA SILVA."},"content":{"rendered":"","protected":false},"excerpt":{"rendered":"","protected":false},"author":6,"featured_media":0,"comment_status":"open","ping_status":"closed","sticky":false,"template":"","format":"standard","meta":{"_acf_changed":false,"footnotes":""},"categories":[4],"tags":[],"mes":[24],"ano":[60],"secretarias":[],"class_list":["post-20943","post","type-post","status-publish","format-standard","hentry","category-portarias","mes-janeiro","ano-60"],"acf":{"documento":"https:\/\/saobernardo.ma.gov.br\/transparencia\/wp-content\/uploads\/2025\/01\/PORTARIA-No-247-NOMEACAO-DE-ELIUDE-DA-CUNHA-SILVA-COMO-ASSESSSOR-PEDAGOGICO-NIVEL-I-DA-EDUCACAO-1.pdf","link_csv":"","situacao_da_portaria":"ATIVA"},"_links":{"self":[{"href":"https:\/\/saobernardo.ma.gov.br\/transparencia\/wp-json\/wp\/v2\/posts\/20943","targetHints":{"allow":["GET"]}}],"collection":[{"href":"https:\/\/saobernardo.ma.gov.br\/transparencia\/wp-json\/wp\/v2\/posts"}],"about":[{"href":"https:\/\/saobernardo.ma.gov.br\/transparencia\/wp-json\/wp\/v2\/types\/post"}],"author":[{"embeddable":true,"href":"https:\/\/saobernardo.ma.gov.br\/transparencia\/wp-json\/wp\/v2\/users\/6"}],"replies":[{"embeddable":true,"href":"https:\/\/saobernardo.ma.gov.br\/transparencia\/wp-json\/wp\/v2\/comments?post=20943"}],"version-history":[{"count":1,"href":"https:\/\/saobernardo.ma.gov.br\/transparencia\/wp-json\/wp\/v2\/posts\/20943\/revisions"}],"predecessor-version":[{"id":20945,"href":"https:\/\/saobernardo.ma.gov.br\/transparencia\/wp-json\/wp\/v2\/posts\/20943\/revisions\/20945"}],"wp:attachment":[{"href":"https:\/\/saobernardo.ma.gov.br\/transparencia\/wp-json\/wp\/v2\/media?parent=20943"}],"wp:term":[{"taxonomy":"category","embeddable":true,"href":"https:\/\/saobernardo.ma.gov.br\/transparencia\/wp-json\/wp\/v2\/categories?post=20943"},{"taxonomy":"post_tag","embeddable":true,"href":"https:\/\/saobernardo.ma.gov.br\/transparencia\/wp-json\/wp\/v2\/tags?post=20943"},{"taxonomy":"mes","embeddable":true,"href":"https:\/\/saobernardo.ma.gov.br\/transparencia\/wp-json\/wp\/v2\/mes?post=20943"},{"taxonomy":"ano","embeddable":true,"href":"https:\/\/saobernardo.ma.gov.br\/transparencia\/wp-json\/wp\/v2\/ano?post=20943"},{"taxonomy":"secretarias","embeddable":true,"href":"https:\/\/saobernardo.ma.gov.br\/transparencia\/wp-json\/wp\/v2\/secretarias?post=20943"}],"curies":[{"name":"wp","href":"https:\/\/api.w.org\/{rel}","templated":true}]}}