 {"id":20946,"date":"2025-01-27T16:02:54","date_gmt":"2025-01-27T19:02:54","guid":{"rendered":"https:\/\/saobernardo.ma.gov.br\/transparencia\/?p=20946"},"modified":"2025-01-28T10:04:43","modified_gmt":"2025-01-28T13:04:43","slug":"portaria-no-248-de-27-de-janeiro-de-2025-resolve-nomear-do-cargo-em-comissao-de-assessor-pedagogico-nivel-ii-das-da-secretaria-municipal-de-educacao-ciencia-tecnologia-e-inovacao-o","status":"publish","type":"post","link":"https:\/\/saobernardo.ma.gov.br\/transparencia\/portarias\/portaria-no-248-de-27-de-janeiro-de-2025-resolve-nomear-do-cargo-em-comissao-de-assessor-pedagogico-nivel-ii-das-da-secretaria-municipal-de-educacao-ciencia-tecnologia-e-inovacao-o\/","title":{"rendered":"PORTARIA N\u00ba 248, DE 27 DE JANEIRO DE 2025 &#8211; RESOLVE .NOMEAR, para o Cargo em Comiss\u00e3o de COORDENADOR DA GEST\u00c3O SUAS DA ATEN\u00c7\u00c3O SOCIAL E B\u00c1SICA \u2013 DANS, da SECRETARIA MUNICIPAL DE ASSIST\u00caNCIA SOCIAL, o (a) Sr. (a), ABILENE OLIVEIRA SOUSA."},"content":{"rendered":"","protected":false},"excerpt":{"rendered":"","protected":false},"author":6,"featured_media":0,"comment_status":"open","ping_status":"closed","sticky":false,"template":"","format":"standard","meta":{"_acf_changed":false,"footnotes":""},"categories":[4],"tags":[],"mes":[24],"ano":[60],"secretarias":[],"class_list":["post-20946","post","type-post","status-publish","format-standard","hentry","category-portarias","mes-janeiro","ano-60"],"acf":{"documento":"https:\/\/saobernardo.ma.gov.br\/transparencia\/wp-content\/uploads\/2025\/01\/PORTARIA-No-248-NOMEACAO-DE-ABILENE-OLIVEIRA-SOUSA-COMO-COORDENADOR-DE-GESTAO-SUAS-DA-ATENCAO-SOCIAL-E-BASICA-DA-ASSISTENCIA-SOCIAL.pdf","link_csv":"","situacao_da_portaria":"ATIVA"},"_links":{"self":[{"href":"https:\/\/saobernardo.ma.gov.br\/transparencia\/wp-json\/wp\/v2\/posts\/20946","targetHints":{"allow":["GET"]}}],"collection":[{"href":"https:\/\/saobernardo.ma.gov.br\/transparencia\/wp-json\/wp\/v2\/posts"}],"about":[{"href":"https:\/\/saobernardo.ma.gov.br\/transparencia\/wp-json\/wp\/v2\/types\/post"}],"author":[{"embeddable":true,"href":"https:\/\/saobernardo.ma.gov.br\/transparencia\/wp-json\/wp\/v2\/users\/6"}],"replies":[{"embeddable":true,"href":"https:\/\/saobernardo.ma.gov.br\/transparencia\/wp-json\/wp\/v2\/comments?post=20946"}],"version-history":[{"count":3,"href":"https:\/\/saobernardo.ma.gov.br\/transparencia\/wp-json\/wp\/v2\/posts\/20946\/revisions"}],"predecessor-version":[{"id":20987,"href":"https:\/\/saobernardo.ma.gov.br\/transparencia\/wp-json\/wp\/v2\/posts\/20946\/revisions\/20987"}],"wp:attachment":[{"href":"https:\/\/saobernardo.ma.gov.br\/transparencia\/wp-json\/wp\/v2\/media?parent=20946"}],"wp:term":[{"taxonomy":"category","embeddable":true,"href":"https:\/\/saobernardo.ma.gov.br\/transparencia\/wp-json\/wp\/v2\/categories?post=20946"},{"taxonomy":"post_tag","embeddable":true,"href":"https:\/\/saobernardo.ma.gov.br\/transparencia\/wp-json\/wp\/v2\/tags?post=20946"},{"taxonomy":"mes","embeddable":true,"href":"https:\/\/saobernardo.ma.gov.br\/transparencia\/wp-json\/wp\/v2\/mes?post=20946"},{"taxonomy":"ano","embeddable":true,"href":"https:\/\/saobernardo.ma.gov.br\/transparencia\/wp-json\/wp\/v2\/ano?post=20946"},{"taxonomy":"secretarias","embeddable":true,"href":"https:\/\/saobernardo.ma.gov.br\/transparencia\/wp-json\/wp\/v2\/secretarias?post=20946"}],"curies":[{"name":"wp","href":"https:\/\/api.w.org\/{rel}","templated":true}]}}