 {"id":20950,"date":"2025-01-27T16:05:11","date_gmt":"2025-01-27T19:05:11","guid":{"rendered":"https:\/\/saobernardo.ma.gov.br\/transparencia\/?p=20950"},"modified":"2025-01-27T16:05:11","modified_gmt":"2025-01-27T19:05:11","slug":"portaria-no-249-de-27-de-janeiro-de-2025-resolve-nomear-do-cargo-em-comissao-de-coordenador-de-atencao-basica-dans-da-secretaria-municipal-de-saude-o-a-sr-a-virginia-matos-gomes-dos-sant","status":"publish","type":"post","link":"https:\/\/saobernardo.ma.gov.br\/transparencia\/portarias\/portaria-no-249-de-27-de-janeiro-de-2025-resolve-nomear-do-cargo-em-comissao-de-coordenador-de-atencao-basica-dans-da-secretaria-municipal-de-saude-o-a-sr-a-virginia-matos-gomes-dos-sant\/","title":{"rendered":"PORTARIA N\u00ba 249, DE 27 DE JANEIRO DE 2025 &#8211; RESOLVE NOMEAR, do Cargo em Comiss\u00e3o de COORDENADOR DE ATEN\u00c7\u00c3O B\u00c1SICA &#8211; DANS, da SECRETARIA MUNICIPAL DE SA\u00daDE, o (a) Sr. (a), VIRG\u00cdNIA MATOS GOMES DOS SANTOS."},"content":{"rendered":"","protected":false},"excerpt":{"rendered":"","protected":false},"author":6,"featured_media":0,"comment_status":"open","ping_status":"closed","sticky":false,"template":"","format":"standard","meta":{"_acf_changed":false,"footnotes":""},"categories":[4],"tags":[],"mes":[24],"ano":[60],"secretarias":[],"class_list":["post-20950","post","type-post","status-publish","format-standard","hentry","category-portarias","mes-janeiro","ano-60"],"acf":{"documento":"https:\/\/saobernardo.ma.gov.br\/transparencia\/wp-content\/uploads\/2025\/01\/PORTARIA-No-249-NOMEACAO-DE-VIRGINIA-MATOS-GOMES-DOS-SANTOS-COMO-COORDENADOR-DE-ATANCAO-BASICA-DA-SECR.pdf","link_csv":"","situacao_da_portaria":"ATIVA"},"_links":{"self":[{"href":"https:\/\/saobernardo.ma.gov.br\/transparencia\/wp-json\/wp\/v2\/posts\/20950","targetHints":{"allow":["GET"]}}],"collection":[{"href":"https:\/\/saobernardo.ma.gov.br\/transparencia\/wp-json\/wp\/v2\/posts"}],"about":[{"href":"https:\/\/saobernardo.ma.gov.br\/transparencia\/wp-json\/wp\/v2\/types\/post"}],"author":[{"embeddable":true,"href":"https:\/\/saobernardo.ma.gov.br\/transparencia\/wp-json\/wp\/v2\/users\/6"}],"replies":[{"embeddable":true,"href":"https:\/\/saobernardo.ma.gov.br\/transparencia\/wp-json\/wp\/v2\/comments?post=20950"}],"version-history":[{"count":1,"href":"https:\/\/saobernardo.ma.gov.br\/transparencia\/wp-json\/wp\/v2\/posts\/20950\/revisions"}],"predecessor-version":[{"id":20952,"href":"https:\/\/saobernardo.ma.gov.br\/transparencia\/wp-json\/wp\/v2\/posts\/20950\/revisions\/20952"}],"wp:attachment":[{"href":"https:\/\/saobernardo.ma.gov.br\/transparencia\/wp-json\/wp\/v2\/media?parent=20950"}],"wp:term":[{"taxonomy":"category","embeddable":true,"href":"https:\/\/saobernardo.ma.gov.br\/transparencia\/wp-json\/wp\/v2\/categories?post=20950"},{"taxonomy":"post_tag","embeddable":true,"href":"https:\/\/saobernardo.ma.gov.br\/transparencia\/wp-json\/wp\/v2\/tags?post=20950"},{"taxonomy":"mes","embeddable":true,"href":"https:\/\/saobernardo.ma.gov.br\/transparencia\/wp-json\/wp\/v2\/mes?post=20950"},{"taxonomy":"ano","embeddable":true,"href":"https:\/\/saobernardo.ma.gov.br\/transparencia\/wp-json\/wp\/v2\/ano?post=20950"},{"taxonomy":"secretarias","embeddable":true,"href":"https:\/\/saobernardo.ma.gov.br\/transparencia\/wp-json\/wp\/v2\/secretarias?post=20950"}],"curies":[{"name":"wp","href":"https:\/\/api.w.org\/{rel}","templated":true}]}}