 {"id":21142,"date":"2025-02-06T12:51:44","date_gmt":"2025-02-06T15:51:44","guid":{"rendered":"https:\/\/saobernardo.ma.gov.br\/transparencia\/?p=21142"},"modified":"2025-02-06T12:51:44","modified_gmt":"2025-02-06T15:51:44","slug":"portaria-no-283-de-06-de-fevereiro-de-2025-resolve-nomear-para-o-cargo-em-comissao-de-assessor-pedagogico-nivel-i-dans-da-secretaria-municipal-de-educacao-ciencia-tecnologia-e-inovacao-o-a","status":"publish","type":"post","link":"https:\/\/saobernardo.ma.gov.br\/transparencia\/portarias\/portaria-no-283-de-06-de-fevereiro-de-2025-resolve-nomear-para-o-cargo-em-comissao-de-assessor-pedagogico-nivel-i-dans-da-secretaria-municipal-de-educacao-ciencia-tecnologia-e-inovacao-o-a\/","title":{"rendered":"PORTARIA N\u00ba 283, DE 06 DE FEVEREIRO DE 2025 &#8211; RESOLVE NOMEAR, para o Cargo em Comiss\u00e3o de ASSESSOR PEDAG\u00d3GICO N\u00cdVEL I &#8211; DANS, DA SECRETARIA MUNICIPAL DE EDUCA\u00c7\u00c3O, CI\u00caNCIA, TECNOLOGIA E INOVA\u00c7\u00c3O, o (a) Sr(a). CARLOS DANIEL DE SENA ROCHA."},"content":{"rendered":"","protected":false},"excerpt":{"rendered":"","protected":false},"author":6,"featured_media":0,"comment_status":"open","ping_status":"closed","sticky":false,"template":"","format":"standard","meta":{"_acf_changed":false,"footnotes":""},"categories":[4],"tags":[],"mes":[25],"ano":[60],"secretarias":[],"class_list":["post-21142","post","type-post","status-publish","format-standard","hentry","category-portarias","mes-fevereiro","ano-60"],"acf":{"documento":"https:\/\/saobernardo.ma.gov.br\/transparencia\/wp-content\/uploads\/2025\/02\/PORTARIA-No-283-NOMEACAO-DE-CARLOS-DANIEL-DE-SENA-ROCHA-COMO-ASSESSOR-PEDAGOGICO-NIVEL-I.pdf","link_csv":"","situacao_da_portaria":"ATIVA"},"_links":{"self":[{"href":"https:\/\/saobernardo.ma.gov.br\/transparencia\/wp-json\/wp\/v2\/posts\/21142","targetHints":{"allow":["GET"]}}],"collection":[{"href":"https:\/\/saobernardo.ma.gov.br\/transparencia\/wp-json\/wp\/v2\/posts"}],"about":[{"href":"https:\/\/saobernardo.ma.gov.br\/transparencia\/wp-json\/wp\/v2\/types\/post"}],"author":[{"embeddable":true,"href":"https:\/\/saobernardo.ma.gov.br\/transparencia\/wp-json\/wp\/v2\/users\/6"}],"replies":[{"embeddable":true,"href":"https:\/\/saobernardo.ma.gov.br\/transparencia\/wp-json\/wp\/v2\/comments?post=21142"}],"version-history":[{"count":1,"href":"https:\/\/saobernardo.ma.gov.br\/transparencia\/wp-json\/wp\/v2\/posts\/21142\/revisions"}],"predecessor-version":[{"id":21144,"href":"https:\/\/saobernardo.ma.gov.br\/transparencia\/wp-json\/wp\/v2\/posts\/21142\/revisions\/21144"}],"wp:attachment":[{"href":"https:\/\/saobernardo.ma.gov.br\/transparencia\/wp-json\/wp\/v2\/media?parent=21142"}],"wp:term":[{"taxonomy":"category","embeddable":true,"href":"https:\/\/saobernardo.ma.gov.br\/transparencia\/wp-json\/wp\/v2\/categories?post=21142"},{"taxonomy":"post_tag","embeddable":true,"href":"https:\/\/saobernardo.ma.gov.br\/transparencia\/wp-json\/wp\/v2\/tags?post=21142"},{"taxonomy":"mes","embeddable":true,"href":"https:\/\/saobernardo.ma.gov.br\/transparencia\/wp-json\/wp\/v2\/mes?post=21142"},{"taxonomy":"ano","embeddable":true,"href":"https:\/\/saobernardo.ma.gov.br\/transparencia\/wp-json\/wp\/v2\/ano?post=21142"},{"taxonomy":"secretarias","embeddable":true,"href":"https:\/\/saobernardo.ma.gov.br\/transparencia\/wp-json\/wp\/v2\/secretarias?post=21142"}],"curies":[{"name":"wp","href":"https:\/\/api.w.org\/{rel}","templated":true}]}}