 {"id":21159,"date":"2025-02-06T13:32:44","date_gmt":"2025-02-06T16:32:44","guid":{"rendered":"https:\/\/saobernardo.ma.gov.br\/transparencia\/?p=21159"},"modified":"2025-02-06T13:32:44","modified_gmt":"2025-02-06T16:32:44","slug":"portaria-no-287-de-06-de-fevereiro-de-2025-resolve-nomear-para-o-cargo-em-comissao-de-assessor-especial-nivel-i-das-do-gabinete-do-prefeito-o-a-sra-cintia-raquel-veloso-gusmao","status":"publish","type":"post","link":"https:\/\/saobernardo.ma.gov.br\/transparencia\/portarias\/portaria-no-287-de-06-de-fevereiro-de-2025-resolve-nomear-para-o-cargo-em-comissao-de-assessor-especial-nivel-i-das-do-gabinete-do-prefeito-o-a-sra-cintia-raquel-veloso-gusmao\/","title":{"rendered":"PORTARIA N\u00ba 287, DE 06 DE FEVEREIRO DE 2025 &#8211; RESOLVE NOMEAR, para o Cargo em Comiss\u00e3o de ASSESSOR ESPECIAL N\u00cdVEL I &#8211; DAS, DO GABINETE DO PREFEITO, o (a) Sr(a).CINTIA RAQUEL VELOSO GUSM\u00c3O."},"content":{"rendered":"","protected":false},"excerpt":{"rendered":"","protected":false},"author":6,"featured_media":0,"comment_status":"open","ping_status":"closed","sticky":false,"template":"","format":"standard","meta":{"_acf_changed":false,"footnotes":""},"categories":[4],"tags":[],"mes":[25],"ano":[60],"secretarias":[],"class_list":["post-21159","post","type-post","status-publish","format-standard","hentry","category-portarias","mes-fevereiro","ano-60"],"acf":{"documento":"https:\/\/saobernardo.ma.gov.br\/transparencia\/wp-content\/uploads\/2025\/02\/PORTARIA-No-287-NOMEACAO-DE-CINTIA-RAQUEL-VELOSO-GUSMAO-COMO-ASSESSOR-ESPECIAL-NIVEL-I-DO-GABINETE-DO-PREFEITO.pdf","link_csv":"","situacao_da_portaria":"ATIVA"},"_links":{"self":[{"href":"https:\/\/saobernardo.ma.gov.br\/transparencia\/wp-json\/wp\/v2\/posts\/21159","targetHints":{"allow":["GET"]}}],"collection":[{"href":"https:\/\/saobernardo.ma.gov.br\/transparencia\/wp-json\/wp\/v2\/posts"}],"about":[{"href":"https:\/\/saobernardo.ma.gov.br\/transparencia\/wp-json\/wp\/v2\/types\/post"}],"author":[{"embeddable":true,"href":"https:\/\/saobernardo.ma.gov.br\/transparencia\/wp-json\/wp\/v2\/users\/6"}],"replies":[{"embeddable":true,"href":"https:\/\/saobernardo.ma.gov.br\/transparencia\/wp-json\/wp\/v2\/comments?post=21159"}],"version-history":[{"count":1,"href":"https:\/\/saobernardo.ma.gov.br\/transparencia\/wp-json\/wp\/v2\/posts\/21159\/revisions"}],"predecessor-version":[{"id":21161,"href":"https:\/\/saobernardo.ma.gov.br\/transparencia\/wp-json\/wp\/v2\/posts\/21159\/revisions\/21161"}],"wp:attachment":[{"href":"https:\/\/saobernardo.ma.gov.br\/transparencia\/wp-json\/wp\/v2\/media?parent=21159"}],"wp:term":[{"taxonomy":"category","embeddable":true,"href":"https:\/\/saobernardo.ma.gov.br\/transparencia\/wp-json\/wp\/v2\/categories?post=21159"},{"taxonomy":"post_tag","embeddable":true,"href":"https:\/\/saobernardo.ma.gov.br\/transparencia\/wp-json\/wp\/v2\/tags?post=21159"},{"taxonomy":"mes","embeddable":true,"href":"https:\/\/saobernardo.ma.gov.br\/transparencia\/wp-json\/wp\/v2\/mes?post=21159"},{"taxonomy":"ano","embeddable":true,"href":"https:\/\/saobernardo.ma.gov.br\/transparencia\/wp-json\/wp\/v2\/ano?post=21159"},{"taxonomy":"secretarias","embeddable":true,"href":"https:\/\/saobernardo.ma.gov.br\/transparencia\/wp-json\/wp\/v2\/secretarias?post=21159"}],"curies":[{"name":"wp","href":"https:\/\/api.w.org\/{rel}","templated":true}]}}