 {"id":21202,"date":"2025-02-07T17:08:49","date_gmt":"2025-02-07T20:08:49","guid":{"rendered":"https:\/\/saobernardo.ma.gov.br\/transparencia\/?p=21202"},"modified":"2025-02-07T17:08:49","modified_gmt":"2025-02-07T20:08:49","slug":"portaria-no-298-de-07-de-fevereiro-de-2025-resolve-nomear-para-o-cargo-em-comissao-de-assessor-pedagogico-nivel-ii-das-da-secretaria-municipal-de-educacao-ciencia-tecnologia-e-inovaca","status":"publish","type":"post","link":"https:\/\/saobernardo.ma.gov.br\/transparencia\/portarias\/portaria-no-298-de-07-de-fevereiro-de-2025-resolve-nomear-para-o-cargo-em-comissao-de-assessor-pedagogico-nivel-ii-das-da-secretaria-municipal-de-educacao-ciencia-tecnologia-e-inovaca\/","title":{"rendered":"PORTARIA N\u00ba 298, DE 07 DE FEVEREIRO DE 2025 &#8211; RESOLVE NOMEAR, para o Cargo em Comiss\u00e3o de ASSESSOR PEDAG\u00d3GICO N\u00cdVEL II \u2013 DAS, DA SECRETARIA MUNICIPAL DE EDUCA\u00c7\u00c3O, CI\u00caNCIA, TECNOLOGIA E INOVA\u00c7\u00c3O, o (a) Sr(a). JOSE CLAUDIO FELIX DOS SANTOS."},"content":{"rendered":"","protected":false},"excerpt":{"rendered":"","protected":false},"author":6,"featured_media":0,"comment_status":"open","ping_status":"closed","sticky":false,"template":"","format":"standard","meta":{"_acf_changed":false,"footnotes":""},"categories":[4],"tags":[],"mes":[25],"ano":[60],"secretarias":[],"class_list":["post-21202","post","type-post","status-publish","format-standard","hentry","category-portarias","mes-fevereiro","ano-60"],"acf":{"documento":"https:\/\/saobernardo.ma.gov.br\/transparencia\/wp-content\/uploads\/2025\/02\/PORTARIA-No-298-NOMEACAO-DE-JOSE-CLAUDIO-FELIX-DOS-SANTOS-COMO-ASSESSOR-PEDAGOGICO-NIVEL-II.pdf","link_csv":"","situacao_da_portaria":"ATIVA"},"_links":{"self":[{"href":"https:\/\/saobernardo.ma.gov.br\/transparencia\/wp-json\/wp\/v2\/posts\/21202","targetHints":{"allow":["GET"]}}],"collection":[{"href":"https:\/\/saobernardo.ma.gov.br\/transparencia\/wp-json\/wp\/v2\/posts"}],"about":[{"href":"https:\/\/saobernardo.ma.gov.br\/transparencia\/wp-json\/wp\/v2\/types\/post"}],"author":[{"embeddable":true,"href":"https:\/\/saobernardo.ma.gov.br\/transparencia\/wp-json\/wp\/v2\/users\/6"}],"replies":[{"embeddable":true,"href":"https:\/\/saobernardo.ma.gov.br\/transparencia\/wp-json\/wp\/v2\/comments?post=21202"}],"version-history":[{"count":1,"href":"https:\/\/saobernardo.ma.gov.br\/transparencia\/wp-json\/wp\/v2\/posts\/21202\/revisions"}],"predecessor-version":[{"id":21204,"href":"https:\/\/saobernardo.ma.gov.br\/transparencia\/wp-json\/wp\/v2\/posts\/21202\/revisions\/21204"}],"wp:attachment":[{"href":"https:\/\/saobernardo.ma.gov.br\/transparencia\/wp-json\/wp\/v2\/media?parent=21202"}],"wp:term":[{"taxonomy":"category","embeddable":true,"href":"https:\/\/saobernardo.ma.gov.br\/transparencia\/wp-json\/wp\/v2\/categories?post=21202"},{"taxonomy":"post_tag","embeddable":true,"href":"https:\/\/saobernardo.ma.gov.br\/transparencia\/wp-json\/wp\/v2\/tags?post=21202"},{"taxonomy":"mes","embeddable":true,"href":"https:\/\/saobernardo.ma.gov.br\/transparencia\/wp-json\/wp\/v2\/mes?post=21202"},{"taxonomy":"ano","embeddable":true,"href":"https:\/\/saobernardo.ma.gov.br\/transparencia\/wp-json\/wp\/v2\/ano?post=21202"},{"taxonomy":"secretarias","embeddable":true,"href":"https:\/\/saobernardo.ma.gov.br\/transparencia\/wp-json\/wp\/v2\/secretarias?post=21202"}],"curies":[{"name":"wp","href":"https:\/\/api.w.org\/{rel}","templated":true}]}}