 {"id":21208,"date":"2025-02-07T17:11:34","date_gmt":"2025-02-07T20:11:34","guid":{"rendered":"https:\/\/saobernardo.ma.gov.br\/transparencia\/?p=21208"},"modified":"2025-02-07T17:11:34","modified_gmt":"2025-02-07T20:11:34","slug":"portaria-no-300-de-07-de-fevereiro-de-2025-resolve-nomear-para-o-cargo-em-comissao-de-coordenador-pedagogico-das-da-secretaria-municipal-de-educacao-ciencia-tecnologia-e-inovacao-o-a-sra","status":"publish","type":"post","link":"https:\/\/saobernardo.ma.gov.br\/transparencia\/portarias\/portaria-no-300-de-07-de-fevereiro-de-2025-resolve-nomear-para-o-cargo-em-comissao-de-coordenador-pedagogico-das-da-secretaria-municipal-de-educacao-ciencia-tecnologia-e-inovacao-o-a-sra\/","title":{"rendered":"PORTARIA N\u00ba 300, DE 07 DE FEVEREIRO DE 2025 &#8211; RESOLVE NOMEAR, para o Cargo em Comiss\u00e3o de COORDENADOR PEDAG\u00d3GICO &#8211; DAS, da SECRETARIA MUNICIPAL DE EDUCA\u00c7\u00c3O, CI\u00caNCIA, TECNOLOGIA E INOVA\u00c7\u00c3O, o (a) Sr(a). KELYANNE DE SOUSA REIS"},"content":{"rendered":"","protected":false},"excerpt":{"rendered":"","protected":false},"author":6,"featured_media":0,"comment_status":"open","ping_status":"closed","sticky":false,"template":"","format":"standard","meta":{"_acf_changed":false,"footnotes":""},"categories":[4],"tags":[],"mes":[25],"ano":[60],"secretarias":[],"class_list":["post-21208","post","type-post","status-publish","format-standard","hentry","category-portarias","mes-fevereiro","ano-60"],"acf":{"documento":"https:\/\/saobernardo.ma.gov.br\/transparencia\/wp-content\/uploads\/2025\/02\/PORTARIA-No-300-NOMEACAO-DE-KELYANNE-DE-SOUSA-REIS-COMO-COORDENADOR-PEDAGOGICO.pdf","link_csv":"","situacao_da_portaria":"ATIVA"},"_links":{"self":[{"href":"https:\/\/saobernardo.ma.gov.br\/transparencia\/wp-json\/wp\/v2\/posts\/21208","targetHints":{"allow":["GET"]}}],"collection":[{"href":"https:\/\/saobernardo.ma.gov.br\/transparencia\/wp-json\/wp\/v2\/posts"}],"about":[{"href":"https:\/\/saobernardo.ma.gov.br\/transparencia\/wp-json\/wp\/v2\/types\/post"}],"author":[{"embeddable":true,"href":"https:\/\/saobernardo.ma.gov.br\/transparencia\/wp-json\/wp\/v2\/users\/6"}],"replies":[{"embeddable":true,"href":"https:\/\/saobernardo.ma.gov.br\/transparencia\/wp-json\/wp\/v2\/comments?post=21208"}],"version-history":[{"count":1,"href":"https:\/\/saobernardo.ma.gov.br\/transparencia\/wp-json\/wp\/v2\/posts\/21208\/revisions"}],"predecessor-version":[{"id":21210,"href":"https:\/\/saobernardo.ma.gov.br\/transparencia\/wp-json\/wp\/v2\/posts\/21208\/revisions\/21210"}],"wp:attachment":[{"href":"https:\/\/saobernardo.ma.gov.br\/transparencia\/wp-json\/wp\/v2\/media?parent=21208"}],"wp:term":[{"taxonomy":"category","embeddable":true,"href":"https:\/\/saobernardo.ma.gov.br\/transparencia\/wp-json\/wp\/v2\/categories?post=21208"},{"taxonomy":"post_tag","embeddable":true,"href":"https:\/\/saobernardo.ma.gov.br\/transparencia\/wp-json\/wp\/v2\/tags?post=21208"},{"taxonomy":"mes","embeddable":true,"href":"https:\/\/saobernardo.ma.gov.br\/transparencia\/wp-json\/wp\/v2\/mes?post=21208"},{"taxonomy":"ano","embeddable":true,"href":"https:\/\/saobernardo.ma.gov.br\/transparencia\/wp-json\/wp\/v2\/ano?post=21208"},{"taxonomy":"secretarias","embeddable":true,"href":"https:\/\/saobernardo.ma.gov.br\/transparencia\/wp-json\/wp\/v2\/secretarias?post=21208"}],"curies":[{"name":"wp","href":"https:\/\/api.w.org\/{rel}","templated":true}]}}