 {"id":21313,"date":"2025-02-21T14:51:13","date_gmt":"2025-02-21T17:51:13","guid":{"rendered":"https:\/\/saobernardo.ma.gov.br\/transparencia\/?p=21313"},"modified":"2025-02-21T14:51:13","modified_gmt":"2025-02-21T17:51:13","slug":"portaria-no-308-de-21-de-fevereiro-de-2025-resolve-exonerar-do-cargo-em-comissao-de-coordenador-municipal-da-secretaria-municipal-de-educacao-ciencia-tecnologia-e-inovacao-o-a-sra-willber","status":"publish","type":"post","link":"https:\/\/saobernardo.ma.gov.br\/transparencia\/portarias\/portaria-no-308-de-21-de-fevereiro-de-2025-resolve-exonerar-do-cargo-em-comissao-de-coordenador-municipal-da-secretaria-municipal-de-educacao-ciencia-tecnologia-e-inovacao-o-a-sra-willber\/","title":{"rendered":"PORTARIA N\u00ba 308, DE 21 DE FEVEREIRO DE 2025 &#8211; RESOLVE EXONERAR, do Cargo em Comiss\u00e3o de COORDENADOR MUNICIPAL, da SECRETARIA MUNICIPAL DE EDUCA\u00c7\u00c3O, CI\u00caNCIA, TECNOLOGIA E INOVA\u00c7\u00c3O, o (a) Sr(a). WILLBERTH GALENO DA SILVA SOUSA."},"content":{"rendered":"","protected":false},"excerpt":{"rendered":"","protected":false},"author":6,"featured_media":0,"comment_status":"open","ping_status":"closed","sticky":false,"template":"","format":"standard","meta":{"_acf_changed":false,"footnotes":""},"categories":[4],"tags":[],"mes":[25],"ano":[60],"secretarias":[],"class_list":["post-21313","post","type-post","status-publish","format-standard","hentry","category-portarias","mes-fevereiro","ano-60"],"acf":{"documento":"https:\/\/saobernardo.ma.gov.br\/transparencia\/wp-content\/uploads\/2025\/02\/PORTARIA-No-308-EXONERACAO-DE-WILLBERTHE-GALENO-DA-SILVA-SOUSA-COMO-COORDENADOR-MUNICIPAL-DA-EDUCACAO.pdf","link_csv":"","situacao_da_portaria":"ATIVA"},"_links":{"self":[{"href":"https:\/\/saobernardo.ma.gov.br\/transparencia\/wp-json\/wp\/v2\/posts\/21313","targetHints":{"allow":["GET"]}}],"collection":[{"href":"https:\/\/saobernardo.ma.gov.br\/transparencia\/wp-json\/wp\/v2\/posts"}],"about":[{"href":"https:\/\/saobernardo.ma.gov.br\/transparencia\/wp-json\/wp\/v2\/types\/post"}],"author":[{"embeddable":true,"href":"https:\/\/saobernardo.ma.gov.br\/transparencia\/wp-json\/wp\/v2\/users\/6"}],"replies":[{"embeddable":true,"href":"https:\/\/saobernardo.ma.gov.br\/transparencia\/wp-json\/wp\/v2\/comments?post=21313"}],"version-history":[{"count":1,"href":"https:\/\/saobernardo.ma.gov.br\/transparencia\/wp-json\/wp\/v2\/posts\/21313\/revisions"}],"predecessor-version":[{"id":21315,"href":"https:\/\/saobernardo.ma.gov.br\/transparencia\/wp-json\/wp\/v2\/posts\/21313\/revisions\/21315"}],"wp:attachment":[{"href":"https:\/\/saobernardo.ma.gov.br\/transparencia\/wp-json\/wp\/v2\/media?parent=21313"}],"wp:term":[{"taxonomy":"category","embeddable":true,"href":"https:\/\/saobernardo.ma.gov.br\/transparencia\/wp-json\/wp\/v2\/categories?post=21313"},{"taxonomy":"post_tag","embeddable":true,"href":"https:\/\/saobernardo.ma.gov.br\/transparencia\/wp-json\/wp\/v2\/tags?post=21313"},{"taxonomy":"mes","embeddable":true,"href":"https:\/\/saobernardo.ma.gov.br\/transparencia\/wp-json\/wp\/v2\/mes?post=21313"},{"taxonomy":"ano","embeddable":true,"href":"https:\/\/saobernardo.ma.gov.br\/transparencia\/wp-json\/wp\/v2\/ano?post=21313"},{"taxonomy":"secretarias","embeddable":true,"href":"https:\/\/saobernardo.ma.gov.br\/transparencia\/wp-json\/wp\/v2\/secretarias?post=21313"}],"curies":[{"name":"wp","href":"https:\/\/api.w.org\/{rel}","templated":true}]}}