 {"id":21502,"date":"2025-03-19T12:46:51","date_gmt":"2025-03-19T15:46:51","guid":{"rendered":"https:\/\/saobernardo.ma.gov.br\/transparencia\/?p=21502"},"modified":"2025-03-19T12:46:51","modified_gmt":"2025-03-19T15:46:51","slug":"portaria-no-327-de-19-de-marco-de-2025-resolve-exonerar-a-pedido-do-cargo-efetivo-de-professor-para-acompanhamento-educacional-especializado-na-area-de-deficiencia-auditiva-libras-da-secretaria","status":"publish","type":"post","link":"https:\/\/saobernardo.ma.gov.br\/transparencia\/portarias\/portaria-no-327-de-19-de-marco-de-2025-resolve-exonerar-a-pedido-do-cargo-efetivo-de-professor-para-acompanhamento-educacional-especializado-na-area-de-deficiencia-auditiva-libras-da-secretaria\/","title":{"rendered":"PORTARIA N\u00ba 327, DE 19 DE MAR\u00c7O DE 2025 &#8211; RESOLVE EXONERAR a pedido, do Cargo Efetivo de PROFESSOR PARA ACOMPANHAMENTO EDUCACIONAL ESPECIALIZADO NA \u00c1REA DE DEFICI\u00caNCIA AUDITIVA (LIBRAS) da SECRETARIA MUNICIPAL DE EDUCA\u00c7\u00c3O, CI\u00caNCIA, TECNOLOGIA E INOVA\u00c7\u00c3O, o (a) Sr(a). FRANCISCA DAS CHAGAS MENDES DE OLIVEIRA."},"content":{"rendered":"","protected":false},"excerpt":{"rendered":"","protected":false},"author":6,"featured_media":0,"comment_status":"open","ping_status":"closed","sticky":false,"template":"","format":"standard","meta":{"_acf_changed":false,"footnotes":""},"categories":[4],"tags":[],"mes":[26],"ano":[60],"secretarias":[],"class_list":["post-21502","post","type-post","status-publish","format-standard","hentry","category-portarias","mes-marco","ano-60"],"acf":{"documento":"https:\/\/saobernardo.ma.gov.br\/transparencia\/wp-content\/uploads\/2025\/03\/PORTARIA-No-327-EXONERACAO-A-PEDIDO-DE-FRANCISCA-DAS-CHAGAS-MENDES-DE-OLIVEIRA-DO-CARGO-EFETIVO-DE-PROFESSOR-DE-LIBRAS.pdf","link_csv":"","situacao_da_portaria":"ATIVA"},"_links":{"self":[{"href":"https:\/\/saobernardo.ma.gov.br\/transparencia\/wp-json\/wp\/v2\/posts\/21502","targetHints":{"allow":["GET"]}}],"collection":[{"href":"https:\/\/saobernardo.ma.gov.br\/transparencia\/wp-json\/wp\/v2\/posts"}],"about":[{"href":"https:\/\/saobernardo.ma.gov.br\/transparencia\/wp-json\/wp\/v2\/types\/post"}],"author":[{"embeddable":true,"href":"https:\/\/saobernardo.ma.gov.br\/transparencia\/wp-json\/wp\/v2\/users\/6"}],"replies":[{"embeddable":true,"href":"https:\/\/saobernardo.ma.gov.br\/transparencia\/wp-json\/wp\/v2\/comments?post=21502"}],"version-history":[{"count":1,"href":"https:\/\/saobernardo.ma.gov.br\/transparencia\/wp-json\/wp\/v2\/posts\/21502\/revisions"}],"predecessor-version":[{"id":21504,"href":"https:\/\/saobernardo.ma.gov.br\/transparencia\/wp-json\/wp\/v2\/posts\/21502\/revisions\/21504"}],"wp:attachment":[{"href":"https:\/\/saobernardo.ma.gov.br\/transparencia\/wp-json\/wp\/v2\/media?parent=21502"}],"wp:term":[{"taxonomy":"category","embeddable":true,"href":"https:\/\/saobernardo.ma.gov.br\/transparencia\/wp-json\/wp\/v2\/categories?post=21502"},{"taxonomy":"post_tag","embeddable":true,"href":"https:\/\/saobernardo.ma.gov.br\/transparencia\/wp-json\/wp\/v2\/tags?post=21502"},{"taxonomy":"mes","embeddable":true,"href":"https:\/\/saobernardo.ma.gov.br\/transparencia\/wp-json\/wp\/v2\/mes?post=21502"},{"taxonomy":"ano","embeddable":true,"href":"https:\/\/saobernardo.ma.gov.br\/transparencia\/wp-json\/wp\/v2\/ano?post=21502"},{"taxonomy":"secretarias","embeddable":true,"href":"https:\/\/saobernardo.ma.gov.br\/transparencia\/wp-json\/wp\/v2\/secretarias?post=21502"}],"curies":[{"name":"wp","href":"https:\/\/api.w.org\/{rel}","templated":true}]}}