 {"id":21518,"date":"2025-03-21T10:53:07","date_gmt":"2025-03-21T13:53:07","guid":{"rendered":"https:\/\/saobernardo.ma.gov.br\/transparencia\/?p=21518"},"modified":"2025-03-21T10:53:07","modified_gmt":"2025-03-21T13:53:07","slug":"portaria-no-330-de-21-de-marco-de-2025-resolve-nomear-para-o-cargo-em-comissao-de-assessor-especial-nivel-ii-dai-do-gabinete-da-vice-prefeita-o-a-sra-isa-costa-lima","status":"publish","type":"post","link":"https:\/\/saobernardo.ma.gov.br\/transparencia\/portarias\/portaria-no-330-de-21-de-marco-de-2025-resolve-nomear-para-o-cargo-em-comissao-de-assessor-especial-nivel-ii-dai-do-gabinete-da-vice-prefeita-o-a-sra-isa-costa-lima\/","title":{"rendered":"PORTARIA N\u00ba 330, DE 21 DE MAR\u00c7O DE 2025 &#8211; RESOLVE NOMEAR, para o Cargo em Comiss\u00e3o de, ASSESSOR ESPECIAL N\u00cdVEL II \u2013 DAI, do GABINETE DA VICE PREFEITA, o (a) Sr(a). ISA COSTA LIMA."},"content":{"rendered":"","protected":false},"excerpt":{"rendered":"","protected":false},"author":6,"featured_media":0,"comment_status":"open","ping_status":"closed","sticky":false,"template":"","format":"standard","meta":{"_acf_changed":false,"footnotes":""},"categories":[4],"tags":[],"mes":[26],"ano":[60],"secretarias":[],"class_list":["post-21518","post","type-post","status-publish","format-standard","hentry","category-portarias","mes-marco","ano-60"],"acf":{"documento":"https:\/\/saobernardo.ma.gov.br\/transparencia\/wp-content\/uploads\/2025\/03\/PORTARIA-No-330-NOMEACAO-DE-ISA-COSTA-LIMA-COMO-ASSESSOR-ESPECIAL-NIVEL-II-do-GABINETE-DA-VICE-PREFEITA.pdf","link_csv":"","situacao_da_portaria":"ATIVA"},"_links":{"self":[{"href":"https:\/\/saobernardo.ma.gov.br\/transparencia\/wp-json\/wp\/v2\/posts\/21518","targetHints":{"allow":["GET"]}}],"collection":[{"href":"https:\/\/saobernardo.ma.gov.br\/transparencia\/wp-json\/wp\/v2\/posts"}],"about":[{"href":"https:\/\/saobernardo.ma.gov.br\/transparencia\/wp-json\/wp\/v2\/types\/post"}],"author":[{"embeddable":true,"href":"https:\/\/saobernardo.ma.gov.br\/transparencia\/wp-json\/wp\/v2\/users\/6"}],"replies":[{"embeddable":true,"href":"https:\/\/saobernardo.ma.gov.br\/transparencia\/wp-json\/wp\/v2\/comments?post=21518"}],"version-history":[{"count":1,"href":"https:\/\/saobernardo.ma.gov.br\/transparencia\/wp-json\/wp\/v2\/posts\/21518\/revisions"}],"predecessor-version":[{"id":21520,"href":"https:\/\/saobernardo.ma.gov.br\/transparencia\/wp-json\/wp\/v2\/posts\/21518\/revisions\/21520"}],"wp:attachment":[{"href":"https:\/\/saobernardo.ma.gov.br\/transparencia\/wp-json\/wp\/v2\/media?parent=21518"}],"wp:term":[{"taxonomy":"category","embeddable":true,"href":"https:\/\/saobernardo.ma.gov.br\/transparencia\/wp-json\/wp\/v2\/categories?post=21518"},{"taxonomy":"post_tag","embeddable":true,"href":"https:\/\/saobernardo.ma.gov.br\/transparencia\/wp-json\/wp\/v2\/tags?post=21518"},{"taxonomy":"mes","embeddable":true,"href":"https:\/\/saobernardo.ma.gov.br\/transparencia\/wp-json\/wp\/v2\/mes?post=21518"},{"taxonomy":"ano","embeddable":true,"href":"https:\/\/saobernardo.ma.gov.br\/transparencia\/wp-json\/wp\/v2\/ano?post=21518"},{"taxonomy":"secretarias","embeddable":true,"href":"https:\/\/saobernardo.ma.gov.br\/transparencia\/wp-json\/wp\/v2\/secretarias?post=21518"}],"curies":[{"name":"wp","href":"https:\/\/api.w.org\/{rel}","templated":true}]}}