 {"id":21521,"date":"2025-03-21T10:57:23","date_gmt":"2025-03-21T13:57:23","guid":{"rendered":"https:\/\/saobernardo.ma.gov.br\/transparencia\/?p=21521"},"modified":"2025-03-21T12:23:13","modified_gmt":"2025-03-21T15:23:13","slug":"portaria-no-331-de-21-de-marco-de-2025-resolve-nomear-para-o-cargo-em-comissao-de-assessor-tecnico-administrativo-dai-1-do-gabinete-da-vice-prefeita-o-a-sra-bruno-da-silva-lima","status":"publish","type":"post","link":"https:\/\/saobernardo.ma.gov.br\/transparencia\/portarias\/portaria-no-331-de-21-de-marco-de-2025-resolve-nomear-para-o-cargo-em-comissao-de-assessor-tecnico-administrativo-dai-1-do-gabinete-da-vice-prefeita-o-a-sra-bruno-da-silva-lima\/","title":{"rendered":"PORTARIA N\u00ba 331, DE 21 DE MAR\u00c7O DE 2025 &#8211; RESOLVE NOMEAR, para o Cargo em Comiss\u00e3o de, ASSESSOR T\u00c9CNICO ADMINISTRATIVO \u2013 DAI -1, do GABINETE DA VICE PREFEITA, o (a) Sr(a). BRUNO DA SILVA LIMA"},"content":{"rendered":"","protected":false},"excerpt":{"rendered":"","protected":false},"author":6,"featured_media":0,"comment_status":"open","ping_status":"closed","sticky":false,"template":"","format":"standard","meta":{"_acf_changed":false,"footnotes":""},"categories":[4],"tags":[],"mes":[26],"ano":[60],"secretarias":[],"class_list":["post-21521","post","type-post","status-publish","format-standard","hentry","category-portarias","mes-marco","ano-60"],"acf":{"documento":"https:\/\/saobernardo.ma.gov.br\/transparencia\/wp-content\/uploads\/2025\/03\/PORTARIA-No-331-NOMEACAO-DE-BRUNO-DA-SILVA-LIMA-COMO-ASSESSOR-TECNICO-ADMINISTRATIVO-DO-GABINETE-DA-VICE-PREFEITA-1.pdf","link_csv":"","situacao_da_portaria":"ATIVA"},"_links":{"self":[{"href":"https:\/\/saobernardo.ma.gov.br\/transparencia\/wp-json\/wp\/v2\/posts\/21521","targetHints":{"allow":["GET"]}}],"collection":[{"href":"https:\/\/saobernardo.ma.gov.br\/transparencia\/wp-json\/wp\/v2\/posts"}],"about":[{"href":"https:\/\/saobernardo.ma.gov.br\/transparencia\/wp-json\/wp\/v2\/types\/post"}],"author":[{"embeddable":true,"href":"https:\/\/saobernardo.ma.gov.br\/transparencia\/wp-json\/wp\/v2\/users\/6"}],"replies":[{"embeddable":true,"href":"https:\/\/saobernardo.ma.gov.br\/transparencia\/wp-json\/wp\/v2\/comments?post=21521"}],"version-history":[{"count":3,"href":"https:\/\/saobernardo.ma.gov.br\/transparencia\/wp-json\/wp\/v2\/posts\/21521\/revisions"}],"predecessor-version":[{"id":21528,"href":"https:\/\/saobernardo.ma.gov.br\/transparencia\/wp-json\/wp\/v2\/posts\/21521\/revisions\/21528"}],"wp:attachment":[{"href":"https:\/\/saobernardo.ma.gov.br\/transparencia\/wp-json\/wp\/v2\/media?parent=21521"}],"wp:term":[{"taxonomy":"category","embeddable":true,"href":"https:\/\/saobernardo.ma.gov.br\/transparencia\/wp-json\/wp\/v2\/categories?post=21521"},{"taxonomy":"post_tag","embeddable":true,"href":"https:\/\/saobernardo.ma.gov.br\/transparencia\/wp-json\/wp\/v2\/tags?post=21521"},{"taxonomy":"mes","embeddable":true,"href":"https:\/\/saobernardo.ma.gov.br\/transparencia\/wp-json\/wp\/v2\/mes?post=21521"},{"taxonomy":"ano","embeddable":true,"href":"https:\/\/saobernardo.ma.gov.br\/transparencia\/wp-json\/wp\/v2\/ano?post=21521"},{"taxonomy":"secretarias","embeddable":true,"href":"https:\/\/saobernardo.ma.gov.br\/transparencia\/wp-json\/wp\/v2\/secretarias?post=21521"}],"curies":[{"name":"wp","href":"https:\/\/api.w.org\/{rel}","templated":true}]}}