 {"id":21696,"date":"2025-03-28T14:26:43","date_gmt":"2025-03-28T17:26:43","guid":{"rendered":"https:\/\/saobernardo.ma.gov.br\/transparencia\/?p=21696"},"modified":"2025-03-28T14:26:43","modified_gmt":"2025-03-28T17:26:43","slug":"portaria-no-366-de-28-de-marco-de-2025-resolve-nomear-para-o-cargo-em-comissao-de-assessor-especial-nivel-i-das-do-gabinete-do-prefeito-o-a-sra-luana-laryssa-modesto-de-freitas","status":"publish","type":"post","link":"https:\/\/saobernardo.ma.gov.br\/transparencia\/portarias\/portaria-no-366-de-28-de-marco-de-2025-resolve-nomear-para-o-cargo-em-comissao-de-assessor-especial-nivel-i-das-do-gabinete-do-prefeito-o-a-sra-luana-laryssa-modesto-de-freitas\/","title":{"rendered":"PORTARIA N\u00ba 366, DE 28 DE MAR\u00c7O DE 2025 &#8211; RESOLVE NOMEAR, para o Cargo em Comiss\u00e3o de ASSESSOR ESPECIAL N\u00cdVEL I \u2013 DAS, do GABINETE DO PREFEITO, o (a) Sr(a). LUANA LARYSSA MODESTO DE FREITAS."},"content":{"rendered":"","protected":false},"excerpt":{"rendered":"","protected":false},"author":6,"featured_media":0,"comment_status":"open","ping_status":"closed","sticky":false,"template":"","format":"standard","meta":{"_acf_changed":false,"footnotes":""},"categories":[4],"tags":[],"mes":[26],"ano":[60],"secretarias":[],"class_list":["post-21696","post","type-post","status-publish","format-standard","hentry","category-portarias","mes-marco","ano-60"],"acf":{"documento":"https:\/\/saobernardo.ma.gov.br\/transparencia\/wp-content\/uploads\/2025\/03\/PORTARIA-No-366-NOMEACAO-DE-LUANA-LARYSSA-MODESTO-DE-FREITAS-COMO-ASSESSOR-ESPECIAL-NIVEL-I-DO-GABINETE-DO-PREFEITO.pdf","link_csv":"","situacao_da_portaria":"ATIVA"},"_links":{"self":[{"href":"https:\/\/saobernardo.ma.gov.br\/transparencia\/wp-json\/wp\/v2\/posts\/21696","targetHints":{"allow":["GET"]}}],"collection":[{"href":"https:\/\/saobernardo.ma.gov.br\/transparencia\/wp-json\/wp\/v2\/posts"}],"about":[{"href":"https:\/\/saobernardo.ma.gov.br\/transparencia\/wp-json\/wp\/v2\/types\/post"}],"author":[{"embeddable":true,"href":"https:\/\/saobernardo.ma.gov.br\/transparencia\/wp-json\/wp\/v2\/users\/6"}],"replies":[{"embeddable":true,"href":"https:\/\/saobernardo.ma.gov.br\/transparencia\/wp-json\/wp\/v2\/comments?post=21696"}],"version-history":[{"count":1,"href":"https:\/\/saobernardo.ma.gov.br\/transparencia\/wp-json\/wp\/v2\/posts\/21696\/revisions"}],"predecessor-version":[{"id":21698,"href":"https:\/\/saobernardo.ma.gov.br\/transparencia\/wp-json\/wp\/v2\/posts\/21696\/revisions\/21698"}],"wp:attachment":[{"href":"https:\/\/saobernardo.ma.gov.br\/transparencia\/wp-json\/wp\/v2\/media?parent=21696"}],"wp:term":[{"taxonomy":"category","embeddable":true,"href":"https:\/\/saobernardo.ma.gov.br\/transparencia\/wp-json\/wp\/v2\/categories?post=21696"},{"taxonomy":"post_tag","embeddable":true,"href":"https:\/\/saobernardo.ma.gov.br\/transparencia\/wp-json\/wp\/v2\/tags?post=21696"},{"taxonomy":"mes","embeddable":true,"href":"https:\/\/saobernardo.ma.gov.br\/transparencia\/wp-json\/wp\/v2\/mes?post=21696"},{"taxonomy":"ano","embeddable":true,"href":"https:\/\/saobernardo.ma.gov.br\/transparencia\/wp-json\/wp\/v2\/ano?post=21696"},{"taxonomy":"secretarias","embeddable":true,"href":"https:\/\/saobernardo.ma.gov.br\/transparencia\/wp-json\/wp\/v2\/secretarias?post=21696"}],"curies":[{"name":"wp","href":"https:\/\/api.w.org\/{rel}","templated":true}]}}