 {"id":21953,"date":"2025-04-29T15:10:41","date_gmt":"2025-04-29T18:10:41","guid":{"rendered":"https:\/\/saobernardo.ma.gov.br\/transparencia\/?p=21953"},"modified":"2025-04-29T15:10:41","modified_gmt":"2025-04-29T18:10:41","slug":"decreto-municipal-no-13-de-29-de-abril-de-2025-decreta-ponto-facultativo-no-dia-2-de-maio-de-2025-em-razao-do-feriado-do-dia-do-trabalhador-nas-reparticoes-publicas-municipais-e-da-outra","status":"publish","type":"post","link":"https:\/\/saobernardo.ma.gov.br\/transparencia\/decretos\/decreto-municipal-no-13-de-29-de-abril-de-2025-decreta-ponto-facultativo-no-dia-2-de-maio-de-2025-em-razao-do-feriado-do-dia-do-trabalhador-nas-reparticoes-publicas-municipais-e-da-outra\/","title":{"rendered":"DECRETO MUNICIPAL N\u00ba 13, DE 29 DE ABRIL DE 2025 &#8211; \u201cDECRETA PONTO FACULTATIVO NO DIA 2 DE MAIO DE 2025, EM RAZ\u00c3O DO FERIADO DO DIA DO TRABALHADOR, NAS REPARTI\u00c7\u00d5ES P\u00daBLICAS MUNICIPAIS E D\u00c1 OUTRAS PROVID\u00caNCIAS\u201d"},"content":{"rendered":"","protected":false},"excerpt":{"rendered":"","protected":false},"author":6,"featured_media":0,"comment_status":"open","ping_status":"closed","sticky":false,"template":"","format":"standard","meta":{"_acf_changed":false,"footnotes":""},"categories":[3],"tags":[],"mes":[27],"ano":[60],"secretarias":[],"class_list":["post-21953","post","type-post","status-publish","format-standard","hentry","category-decretos","mes-abril","ano-60"],"acf":{"documento":"https:\/\/saobernardo.ma.gov.br\/transparencia\/wp-content\/uploads\/2025\/04\/DECRETO-No13-2025-Copi.pdf","link_csv":""},"_links":{"self":[{"href":"https:\/\/saobernardo.ma.gov.br\/transparencia\/wp-json\/wp\/v2\/posts\/21953","targetHints":{"allow":["GET"]}}],"collection":[{"href":"https:\/\/saobernardo.ma.gov.br\/transparencia\/wp-json\/wp\/v2\/posts"}],"about":[{"href":"https:\/\/saobernardo.ma.gov.br\/transparencia\/wp-json\/wp\/v2\/types\/post"}],"author":[{"embeddable":true,"href":"https:\/\/saobernardo.ma.gov.br\/transparencia\/wp-json\/wp\/v2\/users\/6"}],"replies":[{"embeddable":true,"href":"https:\/\/saobernardo.ma.gov.br\/transparencia\/wp-json\/wp\/v2\/comments?post=21953"}],"version-history":[{"count":1,"href":"https:\/\/saobernardo.ma.gov.br\/transparencia\/wp-json\/wp\/v2\/posts\/21953\/revisions"}],"predecessor-version":[{"id":21955,"href":"https:\/\/saobernardo.ma.gov.br\/transparencia\/wp-json\/wp\/v2\/posts\/21953\/revisions\/21955"}],"wp:attachment":[{"href":"https:\/\/saobernardo.ma.gov.br\/transparencia\/wp-json\/wp\/v2\/media?parent=21953"}],"wp:term":[{"taxonomy":"category","embeddable":true,"href":"https:\/\/saobernardo.ma.gov.br\/transparencia\/wp-json\/wp\/v2\/categories?post=21953"},{"taxonomy":"post_tag","embeddable":true,"href":"https:\/\/saobernardo.ma.gov.br\/transparencia\/wp-json\/wp\/v2\/tags?post=21953"},{"taxonomy":"mes","embeddable":true,"href":"https:\/\/saobernardo.ma.gov.br\/transparencia\/wp-json\/wp\/v2\/mes?post=21953"},{"taxonomy":"ano","embeddable":true,"href":"https:\/\/saobernardo.ma.gov.br\/transparencia\/wp-json\/wp\/v2\/ano?post=21953"},{"taxonomy":"secretarias","embeddable":true,"href":"https:\/\/saobernardo.ma.gov.br\/transparencia\/wp-json\/wp\/v2\/secretarias?post=21953"}],"curies":[{"name":"wp","href":"https:\/\/api.w.org\/{rel}","templated":true}]}}