 {"id":22132,"date":"2025-05-22T09:18:10","date_gmt":"2025-05-22T12:18:10","guid":{"rendered":"https:\/\/saobernardo.ma.gov.br\/transparencia\/?p=22132"},"modified":"2025-05-23T09:19:44","modified_gmt":"2025-05-23T12:19:44","slug":"portaria-no-393-de-22-de-maio-de-2025-resolve-nomear-para-o-cargo-em-comissao-de-coordenador-de-polo-das-da-secretaria-municipal-de-educacao-ciencia-tecnologia-e-inovacao-o-a-sra-edinei","status":"publish","type":"post","link":"https:\/\/saobernardo.ma.gov.br\/transparencia\/portarias\/portaria-no-393-de-22-de-maio-de-2025-resolve-nomear-para-o-cargo-em-comissao-de-coordenador-de-polo-das-da-secretaria-municipal-de-educacao-ciencia-tecnologia-e-inovacao-o-a-sra-edinei\/","title":{"rendered":"PORTARIA N\u00ba 393, DE 22 DE MAIO DE 2025 &#8211; RESOLVE NOMEAR, para o Cargo em Comiss\u00e3o de COORDENADOR DE POLO &#8211; DAS, da SECRETARIA MUNICIPAL DE EDUCA\u00c7\u00c3O, CI\u00caNCIA, TECNOLOGIA E INOVA\u00c7\u00c3O, o (a) Sr(a). EDIN\u00c9IA SILVA ALVES."},"content":{"rendered":"","protected":false},"excerpt":{"rendered":"","protected":false},"author":6,"featured_media":0,"comment_status":"open","ping_status":"closed","sticky":false,"template":"","format":"standard","meta":{"_acf_changed":false,"footnotes":""},"categories":[4],"tags":[],"mes":[28],"ano":[60],"secretarias":[],"class_list":["post-22132","post","type-post","status-publish","format-standard","hentry","category-portarias","mes-maio","ano-60"],"acf":{"documento":"https:\/\/saobernardo.ma.gov.br\/transparencia\/wp-content\/uploads\/2025\/05\/PORTARIA-No-393-NOMEACAO-DE-EDNEIA-SILVA-ALVES-COMO-COORDENADOR-DE-POLO-DA-SECRETARIA-DE-EDUCACAO.pdf","link_csv":"","situacao_da_portaria":"ATIVA"},"_links":{"self":[{"href":"https:\/\/saobernardo.ma.gov.br\/transparencia\/wp-json\/wp\/v2\/posts\/22132","targetHints":{"allow":["GET"]}}],"collection":[{"href":"https:\/\/saobernardo.ma.gov.br\/transparencia\/wp-json\/wp\/v2\/posts"}],"about":[{"href":"https:\/\/saobernardo.ma.gov.br\/transparencia\/wp-json\/wp\/v2\/types\/post"}],"author":[{"embeddable":true,"href":"https:\/\/saobernardo.ma.gov.br\/transparencia\/wp-json\/wp\/v2\/users\/6"}],"replies":[{"embeddable":true,"href":"https:\/\/saobernardo.ma.gov.br\/transparencia\/wp-json\/wp\/v2\/comments?post=22132"}],"version-history":[{"count":1,"href":"https:\/\/saobernardo.ma.gov.br\/transparencia\/wp-json\/wp\/v2\/posts\/22132\/revisions"}],"predecessor-version":[{"id":22134,"href":"https:\/\/saobernardo.ma.gov.br\/transparencia\/wp-json\/wp\/v2\/posts\/22132\/revisions\/22134"}],"wp:attachment":[{"href":"https:\/\/saobernardo.ma.gov.br\/transparencia\/wp-json\/wp\/v2\/media?parent=22132"}],"wp:term":[{"taxonomy":"category","embeddable":true,"href":"https:\/\/saobernardo.ma.gov.br\/transparencia\/wp-json\/wp\/v2\/categories?post=22132"},{"taxonomy":"post_tag","embeddable":true,"href":"https:\/\/saobernardo.ma.gov.br\/transparencia\/wp-json\/wp\/v2\/tags?post=22132"},{"taxonomy":"mes","embeddable":true,"href":"https:\/\/saobernardo.ma.gov.br\/transparencia\/wp-json\/wp\/v2\/mes?post=22132"},{"taxonomy":"ano","embeddable":true,"href":"https:\/\/saobernardo.ma.gov.br\/transparencia\/wp-json\/wp\/v2\/ano?post=22132"},{"taxonomy":"secretarias","embeddable":true,"href":"https:\/\/saobernardo.ma.gov.br\/transparencia\/wp-json\/wp\/v2\/secretarias?post=22132"}],"curies":[{"name":"wp","href":"https:\/\/api.w.org\/{rel}","templated":true}]}}