 {"id":22227,"date":"2025-05-29T17:16:27","date_gmt":"2025-05-29T20:16:27","guid":{"rendered":"https:\/\/saobernardo.ma.gov.br\/transparencia\/?p=22227"},"modified":"2025-05-29T17:16:27","modified_gmt":"2025-05-29T20:16:27","slug":"portaria-no-396-de-28-de-maio-de-2025-resolve-exonerar-do-cargo-em-comissao-de-coordenador-de-atencao-basica-da-secretaria-municipal-de-saude-o-a-sra-virginia-matos-gomes-dos-santos","status":"publish","type":"post","link":"https:\/\/saobernardo.ma.gov.br\/transparencia\/portarias\/portaria-no-396-de-28-de-maio-de-2025-resolve-exonerar-do-cargo-em-comissao-de-coordenador-de-atencao-basica-da-secretaria-municipal-de-saude-o-a-sra-virginia-matos-gomes-dos-santos\/","title":{"rendered":"PORTARIA N\u00ba 396, DE 28 DE MAIO DE 2025 &#8211; RESOLVE EXONERAR, do Cargo em Comiss\u00e3o de COORDENADOR DE ATEN\u00c7\u00c3O B\u00c1SICA, da SECRETARIA MUNICIPAL DE SA\u00daDE, o (a) Sr(a). VIRG\u00cdNIA MATOS GOMES DOS SANTOS."},"content":{"rendered":"","protected":false},"excerpt":{"rendered":"","protected":false},"author":6,"featured_media":0,"comment_status":"open","ping_status":"closed","sticky":false,"template":"","format":"standard","meta":{"_acf_changed":false,"footnotes":""},"categories":[4],"tags":[],"mes":[28],"ano":[60],"secretarias":[],"class_list":["post-22227","post","type-post","status-publish","format-standard","hentry","category-portarias","mes-maio","ano-60"],"acf":{"documento":"https:\/\/saobernardo.ma.gov.br\/transparencia\/wp-content\/uploads\/2025\/05\/PORTARIA-No-396-EXONERACAO-DE-VIRGINIA-MATOS-GOMES-DOS-SANTOS-DO-CARGO-DE-COORDENADOR-DE-ATENCAO-BASICA-DA-SECRETARIA-DE-SAUDE.pdf","link_csv":"","situacao_da_portaria":"ATIVA","numero_do_documento":"2025","descricao":"Portaria","urldoarquivo":"https:\/\/saobernardo.ma.gov.br\/transparencia\/wp-content\/uploads\/2025\/05\/PORTARIA-No-396-EXONERACAO-DE-VIRGINIA-MATOS-GOMES-DOS-SANTOS-DO-CARGO-DE-COORDENADOR-DE-ATENCAO-BASICA-DA-SECRETARIA-DE-SAUDE.pdf"},"_links":{"self":[{"href":"https:\/\/saobernardo.ma.gov.br\/transparencia\/wp-json\/wp\/v2\/posts\/22227","targetHints":{"allow":["GET"]}}],"collection":[{"href":"https:\/\/saobernardo.ma.gov.br\/transparencia\/wp-json\/wp\/v2\/posts"}],"about":[{"href":"https:\/\/saobernardo.ma.gov.br\/transparencia\/wp-json\/wp\/v2\/types\/post"}],"author":[{"embeddable":true,"href":"https:\/\/saobernardo.ma.gov.br\/transparencia\/wp-json\/wp\/v2\/users\/6"}],"replies":[{"embeddable":true,"href":"https:\/\/saobernardo.ma.gov.br\/transparencia\/wp-json\/wp\/v2\/comments?post=22227"}],"version-history":[{"count":1,"href":"https:\/\/saobernardo.ma.gov.br\/transparencia\/wp-json\/wp\/v2\/posts\/22227\/revisions"}],"predecessor-version":[{"id":22229,"href":"https:\/\/saobernardo.ma.gov.br\/transparencia\/wp-json\/wp\/v2\/posts\/22227\/revisions\/22229"}],"wp:attachment":[{"href":"https:\/\/saobernardo.ma.gov.br\/transparencia\/wp-json\/wp\/v2\/media?parent=22227"}],"wp:term":[{"taxonomy":"category","embeddable":true,"href":"https:\/\/saobernardo.ma.gov.br\/transparencia\/wp-json\/wp\/v2\/categories?post=22227"},{"taxonomy":"post_tag","embeddable":true,"href":"https:\/\/saobernardo.ma.gov.br\/transparencia\/wp-json\/wp\/v2\/tags?post=22227"},{"taxonomy":"mes","embeddable":true,"href":"https:\/\/saobernardo.ma.gov.br\/transparencia\/wp-json\/wp\/v2\/mes?post=22227"},{"taxonomy":"ano","embeddable":true,"href":"https:\/\/saobernardo.ma.gov.br\/transparencia\/wp-json\/wp\/v2\/ano?post=22227"},{"taxonomy":"secretarias","embeddable":true,"href":"https:\/\/saobernardo.ma.gov.br\/transparencia\/wp-json\/wp\/v2\/secretarias?post=22227"}],"curies":[{"name":"wp","href":"https:\/\/api.w.org\/{rel}","templated":true}]}}