 {"id":22316,"date":"2025-06-02T08:52:09","date_gmt":"2025-06-02T11:52:09","guid":{"rendered":"https:\/\/saobernardo.ma.gov.br\/transparencia\/?p=22316"},"modified":"2025-06-02T13:14:32","modified_gmt":"2025-06-02T16:14:32","slug":"portaria-no-398-de-02-de-junho-de-2025-resolve-nomear-para-o-cargo-em-comissao-de-chefe-do-departamento-de-fiscalizacao-e-inspecao-pecuaria-das-da-secretaria-municipal-de-agricultura-p","status":"publish","type":"post","link":"https:\/\/saobernardo.ma.gov.br\/transparencia\/portarias\/portaria-no-398-de-02-de-junho-de-2025-resolve-nomear-para-o-cargo-em-comissao-de-chefe-do-departamento-de-fiscalizacao-e-inspecao-pecuaria-das-da-secretaria-municipal-de-agricultura-p\/","title":{"rendered":"PORTARIA N\u00ba 398, DE 02 DE JUNHO DE 2025 &#8211; RESOLVE NOMEAR, para o Cargo em Comiss\u00e3o de CHEFE DO DEPARTAMENTO DE FISCALIZA\u00c7\u00c3O E INSPE\u00c7\u00c3O PECU\u00c1RIA \u2013 DAS, da SECRETARIA MUNICIPAL DE AGRICULTURA, PESCA E PECU\u00c1RIA, o (a) Sr(a). ANTONIO VENESCAL DE ARRUDA."},"content":{"rendered":"","protected":false},"excerpt":{"rendered":"","protected":false},"author":6,"featured_media":0,"comment_status":"open","ping_status":"closed","sticky":false,"template":"","format":"standard","meta":{"_acf_changed":false,"footnotes":""},"categories":[4],"tags":[],"mes":[28],"ano":[60],"secretarias":[],"class_list":["post-22316","post","type-post","status-publish","format-standard","hentry","category-portarias","mes-maio","ano-60"],"acf":{"documento":"https:\/\/saobernardo.ma.gov.br\/transparencia\/wp-content\/uploads\/2025\/06\/PORTARIA-No-398-NOMEACAO-ANTONIO-VENESCAL-DE-ARRUDA-COMO-CHEFE-DO-DEPARTAMENTO-DE-FISCALIZACAO-E-INSPECAO-PECUARIA-SECRE-DE-AGRICULTURA.pdf","link_csv":"","numero_do_documento":"2025","descricao":"Portaria","urldoarquivo":"https:\/\/saobernardo.ma.gov.br\/transparencia\/wp-content\/uploads\/2025\/06\/PORTARIA-No-398-NOMEACAO-ANTONIO-VENESCAL-DE-ARRUDA-COMO-CHEFE-DO-DEPARTAMENTO-DE-FISCALIZACAO-E-INSPECAO-PECUARIA-SECRE-DE-AGRICULTURA.pdf","situacao_da_portaria":"ATIVA"},"_links":{"self":[{"href":"https:\/\/saobernardo.ma.gov.br\/transparencia\/wp-json\/wp\/v2\/posts\/22316","targetHints":{"allow":["GET"]}}],"collection":[{"href":"https:\/\/saobernardo.ma.gov.br\/transparencia\/wp-json\/wp\/v2\/posts"}],"about":[{"href":"https:\/\/saobernardo.ma.gov.br\/transparencia\/wp-json\/wp\/v2\/types\/post"}],"author":[{"embeddable":true,"href":"https:\/\/saobernardo.ma.gov.br\/transparencia\/wp-json\/wp\/v2\/users\/6"}],"replies":[{"embeddable":true,"href":"https:\/\/saobernardo.ma.gov.br\/transparencia\/wp-json\/wp\/v2\/comments?post=22316"}],"version-history":[{"count":1,"href":"https:\/\/saobernardo.ma.gov.br\/transparencia\/wp-json\/wp\/v2\/posts\/22316\/revisions"}],"predecessor-version":[{"id":22318,"href":"https:\/\/saobernardo.ma.gov.br\/transparencia\/wp-json\/wp\/v2\/posts\/22316\/revisions\/22318"}],"wp:attachment":[{"href":"https:\/\/saobernardo.ma.gov.br\/transparencia\/wp-json\/wp\/v2\/media?parent=22316"}],"wp:term":[{"taxonomy":"category","embeddable":true,"href":"https:\/\/saobernardo.ma.gov.br\/transparencia\/wp-json\/wp\/v2\/categories?post=22316"},{"taxonomy":"post_tag","embeddable":true,"href":"https:\/\/saobernardo.ma.gov.br\/transparencia\/wp-json\/wp\/v2\/tags?post=22316"},{"taxonomy":"mes","embeddable":true,"href":"https:\/\/saobernardo.ma.gov.br\/transparencia\/wp-json\/wp\/v2\/mes?post=22316"},{"taxonomy":"ano","embeddable":true,"href":"https:\/\/saobernardo.ma.gov.br\/transparencia\/wp-json\/wp\/v2\/ano?post=22316"},{"taxonomy":"secretarias","embeddable":true,"href":"https:\/\/saobernardo.ma.gov.br\/transparencia\/wp-json\/wp\/v2\/secretarias?post=22316"}],"curies":[{"name":"wp","href":"https:\/\/api.w.org\/{rel}","templated":true}]}}