 {"id":22662,"date":"2025-07-10T08:45:31","date_gmt":"2025-07-10T11:45:31","guid":{"rendered":"https:\/\/saobernardo.ma.gov.br\/transparencia\/?p=22662"},"modified":"2025-07-10T10:26:00","modified_gmt":"2025-07-10T13:26:00","slug":"portaria-conjuta-n-03-de-09-de-julho-de-2025","status":"publish","type":"post","link":"https:\/\/saobernardo.ma.gov.br\/transparencia\/portarias\/portaria-conjuta-n-03-de-09-de-julho-de-2025\/","title":{"rendered":"PORTARIA CONJUTA N\u00b0 03, DE 09 DE JULHO DE 2025 &#8211; Constitui a Coordena\u00e7\u00e3o de Educa\u00e7\u00e3o Ambiental para criar a Pol\u00edtica de Educa\u00e7\u00e3o Ambiental, de forma cont\u00ednua, permanente e sustent\u00e1vel, na Rede Municipal de Ensino do Munic\u00edpio de S\u00e3o Bernardo \u2013 MA."},"content":{"rendered":"","protected":false},"excerpt":{"rendered":"","protected":false},"author":6,"featured_media":0,"comment_status":"open","ping_status":"closed","sticky":false,"template":"","format":"standard","meta":{"_acf_changed":false,"footnotes":""},"categories":[4],"tags":[],"mes":[30],"ano":[60],"secretarias":[],"class_list":["post-22662","post","type-post","status-publish","format-standard","hentry","category-portarias","mes-julho","ano-60"],"acf":{"documento":"https:\/\/saobernardo.ma.gov.br\/transparencia\/wp-content\/uploads\/2025\/07\/PORTARIA-CONJUNTA-003-2025-COMISSAO-DE-MEIO-AMBIENTE-SEMECTI-PREFEITURA-1.pdf","link_csv":"","situacao_da_portaria":"ATIVA","numero_do_documento":"2025","descricao":"Portaria","urldoarquivo":"https:\/\/saobernardo.ma.gov.br\/transparencia\/wp-content\/uploads\/2025\/07\/PORTARIA-CONJUNTA-003-2025-COMISSAO-DE-MEIO-AMBIENTE-SEMECTI-PREFEITURA-1-1.pdf"},"_links":{"self":[{"href":"https:\/\/saobernardo.ma.gov.br\/transparencia\/wp-json\/wp\/v2\/posts\/22662","targetHints":{"allow":["GET"]}}],"collection":[{"href":"https:\/\/saobernardo.ma.gov.br\/transparencia\/wp-json\/wp\/v2\/posts"}],"about":[{"href":"https:\/\/saobernardo.ma.gov.br\/transparencia\/wp-json\/wp\/v2\/types\/post"}],"author":[{"embeddable":true,"href":"https:\/\/saobernardo.ma.gov.br\/transparencia\/wp-json\/wp\/v2\/users\/6"}],"replies":[{"embeddable":true,"href":"https:\/\/saobernardo.ma.gov.br\/transparencia\/wp-json\/wp\/v2\/comments?post=22662"}],"version-history":[{"count":3,"href":"https:\/\/saobernardo.ma.gov.br\/transparencia\/wp-json\/wp\/v2\/posts\/22662\/revisions"}],"predecessor-version":[{"id":22667,"href":"https:\/\/saobernardo.ma.gov.br\/transparencia\/wp-json\/wp\/v2\/posts\/22662\/revisions\/22667"}],"wp:attachment":[{"href":"https:\/\/saobernardo.ma.gov.br\/transparencia\/wp-json\/wp\/v2\/media?parent=22662"}],"wp:term":[{"taxonomy":"category","embeddable":true,"href":"https:\/\/saobernardo.ma.gov.br\/transparencia\/wp-json\/wp\/v2\/categories?post=22662"},{"taxonomy":"post_tag","embeddable":true,"href":"https:\/\/saobernardo.ma.gov.br\/transparencia\/wp-json\/wp\/v2\/tags?post=22662"},{"taxonomy":"mes","embeddable":true,"href":"https:\/\/saobernardo.ma.gov.br\/transparencia\/wp-json\/wp\/v2\/mes?post=22662"},{"taxonomy":"ano","embeddable":true,"href":"https:\/\/saobernardo.ma.gov.br\/transparencia\/wp-json\/wp\/v2\/ano?post=22662"},{"taxonomy":"secretarias","embeddable":true,"href":"https:\/\/saobernardo.ma.gov.br\/transparencia\/wp-json\/wp\/v2\/secretarias?post=22662"}],"curies":[{"name":"wp","href":"https:\/\/api.w.org\/{rel}","templated":true}]}}