 {"id":22768,"date":"2025-07-24T11:07:39","date_gmt":"2025-07-24T14:07:39","guid":{"rendered":"https:\/\/saobernardo.ma.gov.br\/transparencia\/?p=22768"},"modified":"2025-07-29T11:13:30","modified_gmt":"2025-07-29T14:13:30","slug":"portaria-no-0003-2025-semecti-sb%d0%bc%d0%b0-constitui-readaptacao-de-servidor-por-motivo-de-limitacao-funcional-permanente-com-mudanca-de-funcao-para-exercicio-em-cargo-compativel","status":"publish","type":"post","link":"https:\/\/saobernardo.ma.gov.br\/transparencia\/portarias\/portaria-no-0003-2025-semecti-sb%d0%bc%d0%b0-constitui-readaptacao-de-servidor-por-motivo-de-limitacao-funcional-permanente-com-mudanca-de-funcao-para-exercicio-em-cargo-compativel\/","title":{"rendered":"PORTARIA N\u00ba 0003\/2025 &#8211; SEMECTI\/SB\u041c\u0410 &#8211; Constitui readapta\u00e7\u00e3o de servidor por motivo de limita\u00e7\u00e3o funcional permanente, com mudan\u00e7a de fun\u00e7\u00e3o para exerc\u00edcio em cargo compat\u00edvel."},"content":{"rendered":"","protected":false},"excerpt":{"rendered":"","protected":false},"author":6,"featured_media":0,"comment_status":"open","ping_status":"closed","sticky":false,"template":"","format":"standard","meta":{"_acf_changed":false,"footnotes":""},"categories":[4],"tags":[],"mes":[30],"ano":[60],"secretarias":[],"class_list":["post-22768","post","type-post","status-publish","format-standard","hentry","category-portarias","mes-julho","ano-60"],"acf":{"documento":"https:\/\/saobernardo.ma.gov.br\/transparencia\/wp-content\/uploads\/2025\/07\/ESTADO-DO-MARANHAO.pdf","link_csv":"","situacao_da_portaria":"ATIVA","numero_do_documento":"2025","descricao":"Portaria","urldoarquivo":"https:\/\/saobernardo.ma.gov.br\/transparencia\/wp-content\/uploads\/2025\/07\/ESTADO-DO-MARANHAO.pdf"},"_links":{"self":[{"href":"https:\/\/saobernardo.ma.gov.br\/transparencia\/wp-json\/wp\/v2\/posts\/22768","targetHints":{"allow":["GET"]}}],"collection":[{"href":"https:\/\/saobernardo.ma.gov.br\/transparencia\/wp-json\/wp\/v2\/posts"}],"about":[{"href":"https:\/\/saobernardo.ma.gov.br\/transparencia\/wp-json\/wp\/v2\/types\/post"}],"author":[{"embeddable":true,"href":"https:\/\/saobernardo.ma.gov.br\/transparencia\/wp-json\/wp\/v2\/users\/6"}],"replies":[{"embeddable":true,"href":"https:\/\/saobernardo.ma.gov.br\/transparencia\/wp-json\/wp\/v2\/comments?post=22768"}],"version-history":[{"count":1,"href":"https:\/\/saobernardo.ma.gov.br\/transparencia\/wp-json\/wp\/v2\/posts\/22768\/revisions"}],"predecessor-version":[{"id":22770,"href":"https:\/\/saobernardo.ma.gov.br\/transparencia\/wp-json\/wp\/v2\/posts\/22768\/revisions\/22770"}],"wp:attachment":[{"href":"https:\/\/saobernardo.ma.gov.br\/transparencia\/wp-json\/wp\/v2\/media?parent=22768"}],"wp:term":[{"taxonomy":"category","embeddable":true,"href":"https:\/\/saobernardo.ma.gov.br\/transparencia\/wp-json\/wp\/v2\/categories?post=22768"},{"taxonomy":"post_tag","embeddable":true,"href":"https:\/\/saobernardo.ma.gov.br\/transparencia\/wp-json\/wp\/v2\/tags?post=22768"},{"taxonomy":"mes","embeddable":true,"href":"https:\/\/saobernardo.ma.gov.br\/transparencia\/wp-json\/wp\/v2\/mes?post=22768"},{"taxonomy":"ano","embeddable":true,"href":"https:\/\/saobernardo.ma.gov.br\/transparencia\/wp-json\/wp\/v2\/ano?post=22768"},{"taxonomy":"secretarias","embeddable":true,"href":"https:\/\/saobernardo.ma.gov.br\/transparencia\/wp-json\/wp\/v2\/secretarias?post=22768"}],"curies":[{"name":"wp","href":"https:\/\/api.w.org\/{rel}","templated":true}]}}