 {"id":22817,"date":"2025-08-01T16:01:02","date_gmt":"2025-08-01T19:01:02","guid":{"rendered":"https:\/\/saobernardo.ma.gov.br\/transparencia\/?p=22817"},"modified":"2025-08-01T16:01:02","modified_gmt":"2025-08-01T19:01:02","slug":"portaria-no420-de-1o-de-agosto-de-2025-resolve-nomear-para-o-cargo-em-comissao-de-assessor-juridico-pedagogico-dans-da-secretaria-municipal-de-educacao-ciencia-tecnologia-e-inovacao","status":"publish","type":"post","link":"https:\/\/saobernardo.ma.gov.br\/transparencia\/portarias\/portaria-no420-de-1o-de-agosto-de-2025-resolve-nomear-para-o-cargo-em-comissao-de-assessor-juridico-pedagogico-dans-da-secretaria-municipal-de-educacao-ciencia-tecnologia-e-inovacao\/","title":{"rendered":"PORTARIA N\u00ba420, DE 1\u00ba DE AGOSTO DE 2025 &#8211; RESOLVE NOMEAR, para o Cargo em Comiss\u00e3o de ASSESSOR JUR\u00cdDICO PEDAG\u00d3GICO \u2013 DANS, DA SECRETARIA MUNICIPAL DE EDUCA\u00c7\u00c3O, CI\u00caNCIA, TECNOLOGIA E INOVA\u00c7\u00c3O."},"content":{"rendered":"","protected":false},"excerpt":{"rendered":"","protected":false},"author":6,"featured_media":0,"comment_status":"open","ping_status":"closed","sticky":false,"template":"","format":"standard","meta":{"_acf_changed":false,"footnotes":""},"categories":[4],"tags":[],"mes":[31],"ano":[60],"secretarias":[],"class_list":["post-22817","post","type-post","status-publish","format-standard","hentry","category-portarias","mes-agosto","ano-60"],"acf":{"documento":"https:\/\/saobernardo.ma.gov.br\/transparencia\/wp-content\/uploads\/2025\/08\/PORTARIA-No-420-NOMEACAO-DE-ANA-PAULA-DO-NASCIMENTO-PINTO-COMO-ASSESSOR-JURIDICO-DA-SECRETARIA-DE-EDUCACAO.pdf","link_csv":"","situacao_da_portaria":"ATIVA","numero_do_documento":"2025","descricao":"Portaria","urldoarquivo":"https:\/\/saobernardo.ma.gov.br\/transparencia\/wp-content\/uploads\/2025\/08\/PORTARIA-No-420-NOMEACAO-DE-ANA-PAULA-DO-NASCIMENTO-PINTO-COMO-ASSESSOR-JURIDICO-DA-SECRETARIA-DE-EDUCACAO.pdf"},"_links":{"self":[{"href":"https:\/\/saobernardo.ma.gov.br\/transparencia\/wp-json\/wp\/v2\/posts\/22817","targetHints":{"allow":["GET"]}}],"collection":[{"href":"https:\/\/saobernardo.ma.gov.br\/transparencia\/wp-json\/wp\/v2\/posts"}],"about":[{"href":"https:\/\/saobernardo.ma.gov.br\/transparencia\/wp-json\/wp\/v2\/types\/post"}],"author":[{"embeddable":true,"href":"https:\/\/saobernardo.ma.gov.br\/transparencia\/wp-json\/wp\/v2\/users\/6"}],"replies":[{"embeddable":true,"href":"https:\/\/saobernardo.ma.gov.br\/transparencia\/wp-json\/wp\/v2\/comments?post=22817"}],"version-history":[{"count":1,"href":"https:\/\/saobernardo.ma.gov.br\/transparencia\/wp-json\/wp\/v2\/posts\/22817\/revisions"}],"predecessor-version":[{"id":22819,"href":"https:\/\/saobernardo.ma.gov.br\/transparencia\/wp-json\/wp\/v2\/posts\/22817\/revisions\/22819"}],"wp:attachment":[{"href":"https:\/\/saobernardo.ma.gov.br\/transparencia\/wp-json\/wp\/v2\/media?parent=22817"}],"wp:term":[{"taxonomy":"category","embeddable":true,"href":"https:\/\/saobernardo.ma.gov.br\/transparencia\/wp-json\/wp\/v2\/categories?post=22817"},{"taxonomy":"post_tag","embeddable":true,"href":"https:\/\/saobernardo.ma.gov.br\/transparencia\/wp-json\/wp\/v2\/tags?post=22817"},{"taxonomy":"mes","embeddable":true,"href":"https:\/\/saobernardo.ma.gov.br\/transparencia\/wp-json\/wp\/v2\/mes?post=22817"},{"taxonomy":"ano","embeddable":true,"href":"https:\/\/saobernardo.ma.gov.br\/transparencia\/wp-json\/wp\/v2\/ano?post=22817"},{"taxonomy":"secretarias","embeddable":true,"href":"https:\/\/saobernardo.ma.gov.br\/transparencia\/wp-json\/wp\/v2\/secretarias?post=22817"}],"curies":[{"name":"wp","href":"https:\/\/api.w.org\/{rel}","templated":true}]}}