 {"id":23099,"date":"2025-09-04T10:50:08","date_gmt":"2025-09-04T13:50:08","guid":{"rendered":"https:\/\/saobernardo.ma.gov.br\/transparencia\/?p=23099"},"modified":"2025-09-04T10:50:21","modified_gmt":"2025-09-04T13:50:21","slug":"portaria-no-432-de-04-de-setembro-de-2025-resolve-art-1o-nomear-para-o-cargo-em-comissao-de-chefe-do-departamento-de-inscricao-e-cobranca-da-divida-ativa-das-da-secretaria-municipal","status":"publish","type":"post","link":"https:\/\/saobernardo.ma.gov.br\/transparencia\/portarias\/portaria-no-432-de-04-de-setembro-de-2025-resolve-art-1o-nomear-para-o-cargo-em-comissao-de-chefe-do-departamento-de-inscricao-e-cobranca-da-divida-ativa-das-da-secretaria-municipal\/","title":{"rendered":"PORTARIA N\u00ba 432, DE 04 DE SETEMBRO DE 2025 &#8211; RESOLVE NOMEAR, para o Cargo em Comiss\u00e3o de CHEFE DO DEPARTAMENTO DE INSCRI\u00c7\u00c3O E COBRAN\u00c7A DA D\u00cdVIDA ATIVA \u2013 DAS, DA SECRETARIA MUNICIPAL DE FAZENDA, o (a) Sr(a). STEFANIE ANALIA CARDOSO DOS SANTOS."},"content":{"rendered":"","protected":false},"excerpt":{"rendered":"","protected":false},"author":6,"featured_media":0,"comment_status":"open","ping_status":"closed","sticky":false,"template":"","format":"standard","meta":{"_acf_changed":false,"footnotes":""},"categories":[4],"tags":[],"mes":[32],"ano":[60],"secretarias":[70],"class_list":["post-23099","post","type-post","status-publish","format-standard","hentry","category-portarias","mes-setembro","ano-60","secretarias-secretaria-municipal-de-gestao-semge"],"acf":{"documento":"https:\/\/saobernardo.ma.gov.br\/transparencia\/wp-content\/uploads\/2025\/09\/PORTARIA-No-432-NOMEACAO-DE-STEFANIE-ANALIA-CARDOSO-DOS-SANTOS-COMO-CHEFE-DO-DEPARTEMENTO-DE-INSCRICAO-E-COBRANCA-DA-DIVIDA-ATIVA-DA-SECRT-DE-FAZENDA.pdf","link_csv":"","situacao_da_portaria":"ATIVA","numero_do_documento":"2025","descricao":"Portaria","urldoarquivo":"https:\/\/saobernardo.ma.gov.br\/transparencia\/wp-content\/uploads\/2025\/09\/PORTARIA-No-432-NOMEACAO-DE-STEFANIE-ANALIA-CARDOSO-DOS-SANTOS-COMO-CHEFE-DO-DEPARTEMENTO-DE-INSCRICAO-E-COBRANCA-DA-DIVIDA-ATIVA-DA-SECRT-DE-FAZENDA.pdf"},"_links":{"self":[{"href":"https:\/\/saobernardo.ma.gov.br\/transparencia\/wp-json\/wp\/v2\/posts\/23099","targetHints":{"allow":["GET"]}}],"collection":[{"href":"https:\/\/saobernardo.ma.gov.br\/transparencia\/wp-json\/wp\/v2\/posts"}],"about":[{"href":"https:\/\/saobernardo.ma.gov.br\/transparencia\/wp-json\/wp\/v2\/types\/post"}],"author":[{"embeddable":true,"href":"https:\/\/saobernardo.ma.gov.br\/transparencia\/wp-json\/wp\/v2\/users\/6"}],"replies":[{"embeddable":true,"href":"https:\/\/saobernardo.ma.gov.br\/transparencia\/wp-json\/wp\/v2\/comments?post=23099"}],"version-history":[{"count":2,"href":"https:\/\/saobernardo.ma.gov.br\/transparencia\/wp-json\/wp\/v2\/posts\/23099\/revisions"}],"predecessor-version":[{"id":23102,"href":"https:\/\/saobernardo.ma.gov.br\/transparencia\/wp-json\/wp\/v2\/posts\/23099\/revisions\/23102"}],"wp:attachment":[{"href":"https:\/\/saobernardo.ma.gov.br\/transparencia\/wp-json\/wp\/v2\/media?parent=23099"}],"wp:term":[{"taxonomy":"category","embeddable":true,"href":"https:\/\/saobernardo.ma.gov.br\/transparencia\/wp-json\/wp\/v2\/categories?post=23099"},{"taxonomy":"post_tag","embeddable":true,"href":"https:\/\/saobernardo.ma.gov.br\/transparencia\/wp-json\/wp\/v2\/tags?post=23099"},{"taxonomy":"mes","embeddable":true,"href":"https:\/\/saobernardo.ma.gov.br\/transparencia\/wp-json\/wp\/v2\/mes?post=23099"},{"taxonomy":"ano","embeddable":true,"href":"https:\/\/saobernardo.ma.gov.br\/transparencia\/wp-json\/wp\/v2\/ano?post=23099"},{"taxonomy":"secretarias","embeddable":true,"href":"https:\/\/saobernardo.ma.gov.br\/transparencia\/wp-json\/wp\/v2\/secretarias?post=23099"}],"curies":[{"name":"wp","href":"https:\/\/api.w.org\/{rel}","templated":true}]}}