 {"id":23483,"date":"2025-10-10T10:50:40","date_gmt":"2025-10-10T13:50:40","guid":{"rendered":"https:\/\/saobernardo.ma.gov.br\/transparencia\/?p=23483"},"modified":"2025-10-10T10:50:40","modified_gmt":"2025-10-10T13:50:40","slug":"portaria-no-498-de-10-de-outubro-de-2025-resolve-nomear-para-responder-interinamente-pelo-o-cargo-em-comissao-de-coordenador-do-programa-de-vigilancia-ambiental-das-da-secretaria-municipal-de-s","status":"publish","type":"post","link":"https:\/\/saobernardo.ma.gov.br\/transparencia\/portarias\/portaria-no-498-de-10-de-outubro-de-2025-resolve-nomear-para-responder-interinamente-pelo-o-cargo-em-comissao-de-coordenador-do-programa-de-vigilancia-ambiental-das-da-secretaria-municipal-de-s\/","title":{"rendered":"PORTARIA N\u00ba 498, DE 10 DE OUTUBRO DE 2025 -RESOLVE NOMEAR, para responder Interinamente, pelo o Cargo em Comiss\u00e3o de COORDENADOR DO PROGRAMA DE VIGIL\u00c3NCIA AMBIENTAL &#8211; DAS, DA SECRETARIA MUNICIPAL DE SA\u00daDE, o (a) Sr(a). MARIA ILDENICE SILVA CUNHA."},"content":{"rendered":"","protected":false},"excerpt":{"rendered":"","protected":false},"author":6,"featured_media":0,"comment_status":"open","ping_status":"closed","sticky":false,"template":"","format":"standard","meta":{"_acf_changed":false,"footnotes":""},"categories":[4],"tags":[],"mes":[33],"ano":[60],"secretarias":[70],"class_list":["post-23483","post","type-post","status-publish","format-standard","hentry","category-portarias","mes-outubro","ano-60","secretarias-secretaria-municipal-de-gestao-semge"],"acf":{"documento":"https:\/\/saobernardo.ma.gov.br\/transparencia\/wp-content\/uploads\/2025\/10\/PORTARIA-No-498-NOMEACAO-DE-MARIA-ILDENICE-SILVA-CUNHA-PARA-RESPONDER-INTERINAMENTE-PELO-CARGO-DE-COORDENADOR-DO-PROGRAMA-DE-VIGILANCIA-AMBIENTAL-DA-SECR-M-DE-SAUDE.pdf","link_csv":"","situacao_da_portaria":"ATIVA","numero_do_documento":"2025","descricao":"Portaria","urldoarquivo":"https:\/\/saobernardo.ma.gov.br\/transparencia\/wp-content\/uploads\/2025\/10\/PORTARIA-No-498-NOMEACAO-DE-MARIA-ILDENICE-SILVA-CUNHA-PARA-RESPONDER-INTERINAMENTE-PELO-CARGO-DE-COORDENADOR-DO-PROGRAMA-DE-VIGILANCIA-AMBIENTAL-DA-SECR-M-DE-SAUDE.pdf"},"_links":{"self":[{"href":"https:\/\/saobernardo.ma.gov.br\/transparencia\/wp-json\/wp\/v2\/posts\/23483","targetHints":{"allow":["GET"]}}],"collection":[{"href":"https:\/\/saobernardo.ma.gov.br\/transparencia\/wp-json\/wp\/v2\/posts"}],"about":[{"href":"https:\/\/saobernardo.ma.gov.br\/transparencia\/wp-json\/wp\/v2\/types\/post"}],"author":[{"embeddable":true,"href":"https:\/\/saobernardo.ma.gov.br\/transparencia\/wp-json\/wp\/v2\/users\/6"}],"replies":[{"embeddable":true,"href":"https:\/\/saobernardo.ma.gov.br\/transparencia\/wp-json\/wp\/v2\/comments?post=23483"}],"version-history":[{"count":1,"href":"https:\/\/saobernardo.ma.gov.br\/transparencia\/wp-json\/wp\/v2\/posts\/23483\/revisions"}],"predecessor-version":[{"id":23485,"href":"https:\/\/saobernardo.ma.gov.br\/transparencia\/wp-json\/wp\/v2\/posts\/23483\/revisions\/23485"}],"wp:attachment":[{"href":"https:\/\/saobernardo.ma.gov.br\/transparencia\/wp-json\/wp\/v2\/media?parent=23483"}],"wp:term":[{"taxonomy":"category","embeddable":true,"href":"https:\/\/saobernardo.ma.gov.br\/transparencia\/wp-json\/wp\/v2\/categories?post=23483"},{"taxonomy":"post_tag","embeddable":true,"href":"https:\/\/saobernardo.ma.gov.br\/transparencia\/wp-json\/wp\/v2\/tags?post=23483"},{"taxonomy":"mes","embeddable":true,"href":"https:\/\/saobernardo.ma.gov.br\/transparencia\/wp-json\/wp\/v2\/mes?post=23483"},{"taxonomy":"ano","embeddable":true,"href":"https:\/\/saobernardo.ma.gov.br\/transparencia\/wp-json\/wp\/v2\/ano?post=23483"},{"taxonomy":"secretarias","embeddable":true,"href":"https:\/\/saobernardo.ma.gov.br\/transparencia\/wp-json\/wp\/v2\/secretarias?post=23483"}],"curies":[{"name":"wp","href":"https:\/\/api.w.org\/{rel}","templated":true}]}}