 {"id":23488,"date":"2025-10-10T17:08:41","date_gmt":"2025-10-10T20:08:41","guid":{"rendered":"https:\/\/saobernardo.ma.gov.br\/transparencia\/?p=23488"},"modified":"2025-10-10T17:08:41","modified_gmt":"2025-10-10T20:08:41","slug":"portaria-no-499-de-10-de-outubro-de-2025-designa-o-servidor-edmilson-de-almeida-lima-junior-ocupante-do-cargo-de-coordenador-de-meio-ambiente-lotado-na-secretaria-municipal-de-meio-ambie","status":"publish","type":"post","link":"https:\/\/saobernardo.ma.gov.br\/transparencia\/portarias\/portaria-no-499-de-10-de-outubro-de-2025-designa-o-servidor-edmilson-de-almeida-lima-junior-ocupante-do-cargo-de-coordenador-de-meio-ambiente-lotado-na-secretaria-municipal-de-meio-ambie\/","title":{"rendered":"PORTARIA N\u00ba 499, DE 10 DE OUTUBRO DE 2025 &#8211; \u201cDesigna o servidor EDMILSON DE ALMEIDA LIMA JUNIOR, ocupante do cargo de Coordenador de Meio Ambiente, lotado na Secretaria Municipal de Meio Ambiente, para responder pelos formul\u00e1rios do Sistema Nacional de Informa\u00e7\u00f5es sobre a Gest\u00e3o de Res\u00edduos S\u00f3lidos (SINIR) e demais instrumentos correlatos; da estrutura organizacional do poder executivo; e d\u00e1 outras provid\u00eancias\u201d"},"content":{"rendered":"","protected":false},"excerpt":{"rendered":"","protected":false},"author":6,"featured_media":0,"comment_status":"open","ping_status":"closed","sticky":false,"template":"","format":"standard","meta":{"_acf_changed":false,"footnotes":""},"categories":[4],"tags":[],"mes":[33],"ano":[60],"secretarias":[70],"class_list":["post-23488","post","type-post","status-publish","format-standard","hentry","category-portarias","mes-outubro","ano-60","secretarias-secretaria-municipal-de-gestao-semge"],"acf":{"documento":"https:\/\/saobernardo.ma.gov.br\/transparencia\/wp-content\/uploads\/2025\/10\/PORTARIA-No-499-DESIGNACAO-DE-EDMILSON-DE-ALMEIDA-LIMA-JUNIOR-DO-CARGO-DE-COORDENADOR-MEIO-AMBIENTE-PARA-RESPONDER-PELO-SISTEMA-SINIR.pdf","link_csv":"","situacao_da_portaria":"ATIVA","numero_do_documento":"2025","descricao":"Portaria","urldoarquivo":"https:\/\/saobernardo.ma.gov.br\/transparencia\/wp-content\/uploads\/2025\/10\/PORTARIA-No-499-DESIGNACAO-DE-EDMILSON-DE-ALMEIDA-LIMA-JUNIOR-DO-CARGO-DE-COORDENADOR-MEIO-AMBIENTE-PARA-RESPONDER-PELO-SISTEMA-SINIR-1.pdf"},"_links":{"self":[{"href":"https:\/\/saobernardo.ma.gov.br\/transparencia\/wp-json\/wp\/v2\/posts\/23488","targetHints":{"allow":["GET"]}}],"collection":[{"href":"https:\/\/saobernardo.ma.gov.br\/transparencia\/wp-json\/wp\/v2\/posts"}],"about":[{"href":"https:\/\/saobernardo.ma.gov.br\/transparencia\/wp-json\/wp\/v2\/types\/post"}],"author":[{"embeddable":true,"href":"https:\/\/saobernardo.ma.gov.br\/transparencia\/wp-json\/wp\/v2\/users\/6"}],"replies":[{"embeddable":true,"href":"https:\/\/saobernardo.ma.gov.br\/transparencia\/wp-json\/wp\/v2\/comments?post=23488"}],"version-history":[{"count":1,"href":"https:\/\/saobernardo.ma.gov.br\/transparencia\/wp-json\/wp\/v2\/posts\/23488\/revisions"}],"predecessor-version":[{"id":23491,"href":"https:\/\/saobernardo.ma.gov.br\/transparencia\/wp-json\/wp\/v2\/posts\/23488\/revisions\/23491"}],"wp:attachment":[{"href":"https:\/\/saobernardo.ma.gov.br\/transparencia\/wp-json\/wp\/v2\/media?parent=23488"}],"wp:term":[{"taxonomy":"category","embeddable":true,"href":"https:\/\/saobernardo.ma.gov.br\/transparencia\/wp-json\/wp\/v2\/categories?post=23488"},{"taxonomy":"post_tag","embeddable":true,"href":"https:\/\/saobernardo.ma.gov.br\/transparencia\/wp-json\/wp\/v2\/tags?post=23488"},{"taxonomy":"mes","embeddable":true,"href":"https:\/\/saobernardo.ma.gov.br\/transparencia\/wp-json\/wp\/v2\/mes?post=23488"},{"taxonomy":"ano","embeddable":true,"href":"https:\/\/saobernardo.ma.gov.br\/transparencia\/wp-json\/wp\/v2\/ano?post=23488"},{"taxonomy":"secretarias","embeddable":true,"href":"https:\/\/saobernardo.ma.gov.br\/transparencia\/wp-json\/wp\/v2\/secretarias?post=23488"}],"curies":[{"name":"wp","href":"https:\/\/api.w.org\/{rel}","templated":true}]}}