 {"id":24145,"date":"2026-01-27T09:17:12","date_gmt":"2026-01-27T12:17:12","guid":{"rendered":"https:\/\/saobernardo.ma.gov.br\/transparencia\/?p=24145"},"modified":"2026-01-28T09:18:52","modified_gmt":"2026-01-28T12:18:52","slug":"portaria-no-001-26-semecti-de-27-de-janeiro-de-2026-dispoe-sobre-o-calendario-escolar-da-rede-municipal-de-ensino-de-sao-bernardo-ma-para-o-ano-letivo-de-2026-e-da-outras-pro","status":"publish","type":"post","link":"https:\/\/saobernardo.ma.gov.br\/transparencia\/portarias\/portaria-no-001-26-semecti-de-27-de-janeiro-de-2026-dispoe-sobre-o-calendario-escolar-da-rede-municipal-de-ensino-de-sao-bernardo-ma-para-o-ano-letivo-de-2026-e-da-outras-pro\/","title":{"rendered":"PORTARIA N\u00ba 001\/26 &#8211; SEMECTI, DE 27 DE JANEIRO DE 2026 &#8211; \u201cDisp\u00f5e sobre o Calend\u00e1rio Escolar da Rede Municipal de Ensino de S\u00e3o Bernardo \u2013 MA, para o ano letivo de 2026, e d\u00e1 outras provid\u00eancias\u201d."},"content":{"rendered":"","protected":false},"excerpt":{"rendered":"","protected":false},"author":6,"featured_media":0,"comment_status":"open","ping_status":"closed","sticky":false,"template":"","format":"standard","meta":{"_acf_changed":false,"footnotes":""},"categories":[4],"tags":[],"mes":[24],"ano":[74],"secretarias":[70],"class_list":["post-24145","post","type-post","status-publish","format-standard","hentry","category-portarias","mes-janeiro","ano-74","secretarias-secretaria-municipal-de-gestao-semge"],"acf":{"documento":"https:\/\/saobernardo.ma.gov.br\/transparencia\/wp-content\/uploads\/2026\/01\/PORTARIA-SEMECTI-001-26.pdf","link_csv":"","situacao_da_portaria":"ATIVA","numero_do_documento":"2026","descricao":"Portaria","urldoarquivo":"https:\/\/saobernardo.ma.gov.br\/transparencia\/wp-content\/uploads\/2026\/01\/PORTARIA-SEMECTI-001-26.pdf"},"_links":{"self":[{"href":"https:\/\/saobernardo.ma.gov.br\/transparencia\/wp-json\/wp\/v2\/posts\/24145","targetHints":{"allow":["GET"]}}],"collection":[{"href":"https:\/\/saobernardo.ma.gov.br\/transparencia\/wp-json\/wp\/v2\/posts"}],"about":[{"href":"https:\/\/saobernardo.ma.gov.br\/transparencia\/wp-json\/wp\/v2\/types\/post"}],"author":[{"embeddable":true,"href":"https:\/\/saobernardo.ma.gov.br\/transparencia\/wp-json\/wp\/v2\/users\/6"}],"replies":[{"embeddable":true,"href":"https:\/\/saobernardo.ma.gov.br\/transparencia\/wp-json\/wp\/v2\/comments?post=24145"}],"version-history":[{"count":1,"href":"https:\/\/saobernardo.ma.gov.br\/transparencia\/wp-json\/wp\/v2\/posts\/24145\/revisions"}],"predecessor-version":[{"id":24147,"href":"https:\/\/saobernardo.ma.gov.br\/transparencia\/wp-json\/wp\/v2\/posts\/24145\/revisions\/24147"}],"wp:attachment":[{"href":"https:\/\/saobernardo.ma.gov.br\/transparencia\/wp-json\/wp\/v2\/media?parent=24145"}],"wp:term":[{"taxonomy":"category","embeddable":true,"href":"https:\/\/saobernardo.ma.gov.br\/transparencia\/wp-json\/wp\/v2\/categories?post=24145"},{"taxonomy":"post_tag","embeddable":true,"href":"https:\/\/saobernardo.ma.gov.br\/transparencia\/wp-json\/wp\/v2\/tags?post=24145"},{"taxonomy":"mes","embeddable":true,"href":"https:\/\/saobernardo.ma.gov.br\/transparencia\/wp-json\/wp\/v2\/mes?post=24145"},{"taxonomy":"ano","embeddable":true,"href":"https:\/\/saobernardo.ma.gov.br\/transparencia\/wp-json\/wp\/v2\/ano?post=24145"},{"taxonomy":"secretarias","embeddable":true,"href":"https:\/\/saobernardo.ma.gov.br\/transparencia\/wp-json\/wp\/v2\/secretarias?post=24145"}],"curies":[{"name":"wp","href":"https:\/\/api.w.org\/{rel}","templated":true}]}}