 {"id":24471,"date":"2026-02-12T17:09:11","date_gmt":"2026-02-12T20:09:11","guid":{"rendered":"https:\/\/saobernardo.ma.gov.br\/transparencia\/?p=24471"},"modified":"2026-02-12T17:09:11","modified_gmt":"2026-02-12T20:09:11","slug":"portaria-no-588-de-12-de-fevereiro-de-2026-resolve-nomear-para-o-cargo-em-comissao-de-coordenacao-de-promocao-e-desenvolvimento-de-politicas-publicas-para-juventude-dans-da-secretaria-municipal","status":"publish","type":"post","link":"https:\/\/saobernardo.ma.gov.br\/transparencia\/portarias\/portaria-no-588-de-12-de-fevereiro-de-2026-resolve-nomear-para-o-cargo-em-comissao-de-coordenacao-de-promocao-e-desenvolvimento-de-politicas-publicas-para-juventude-dans-da-secretaria-municipal\/","title":{"rendered":"PORTARIA N\u00ba 588, DE 12 DE FEVEREIRO DE 2026 -RESOLVE NOMEAR, para o Cargo em Comiss\u00e3o de Coordena\u00e7\u00e3o de Promo\u00e7\u00e3o e Desenvolvimento de Pol\u00edticas P\u00fablicas para Juventude &#8211; DANS, da Secretaria Municipal de Juventude, o (a) Sr(a). JASSYANE SILVA CANDEIRA"},"content":{"rendered":"","protected":false},"excerpt":{"rendered":"","protected":false},"author":6,"featured_media":0,"comment_status":"open","ping_status":"closed","sticky":false,"template":"","format":"standard","meta":{"_acf_changed":false,"footnotes":""},"categories":[4],"tags":[],"mes":[25],"ano":[74],"secretarias":[70],"class_list":["post-24471","post","type-post","status-publish","format-standard","hentry","category-portarias","mes-fevereiro","ano-74","secretarias-secretaria-municipal-de-gestao-semge"],"acf":{"documento":"https:\/\/saobernardo.ma.gov.br\/transparencia\/wp-content\/uploads\/2026\/02\/PORTARIA-No-588-REVOGACAO-E-NOMEACAO-DE-JASSYANE-SILVA-CANDEIRA-PARA-O-CARGO-DE-COORDENACAO-E-DESENVOLVIMENTO-DE-POLITICAS-PUBLICAS-PARA-JUVENTUDE-DA-SCRT-DE-JUVENTUDE.pdf","link_csv":"","situacao_da_portaria":"ATIVA","numero_do_documento":"2026","descricao":"Portaria","urldoarquivo":"https:\/\/saobernardo.ma.gov.br\/transparencia\/wp-content\/uploads\/2026\/02\/PORTARIA-No-588-REVOGACAO-E-NOMEACAO-DE-JASSYANE-SILVA-CANDEIRA-PARA-O-CARGO-DE-COORDENACAO-E-DESENVOLVIMENTO-DE-POLITICAS-PUBLICAS-PARA-JUVENTUDE-DA-SCRT-DE-JUVENTUDE.pdf"},"_links":{"self":[{"href":"https:\/\/saobernardo.ma.gov.br\/transparencia\/wp-json\/wp\/v2\/posts\/24471","targetHints":{"allow":["GET"]}}],"collection":[{"href":"https:\/\/saobernardo.ma.gov.br\/transparencia\/wp-json\/wp\/v2\/posts"}],"about":[{"href":"https:\/\/saobernardo.ma.gov.br\/transparencia\/wp-json\/wp\/v2\/types\/post"}],"author":[{"embeddable":true,"href":"https:\/\/saobernardo.ma.gov.br\/transparencia\/wp-json\/wp\/v2\/users\/6"}],"replies":[{"embeddable":true,"href":"https:\/\/saobernardo.ma.gov.br\/transparencia\/wp-json\/wp\/v2\/comments?post=24471"}],"version-history":[{"count":1,"href":"https:\/\/saobernardo.ma.gov.br\/transparencia\/wp-json\/wp\/v2\/posts\/24471\/revisions"}],"predecessor-version":[{"id":24473,"href":"https:\/\/saobernardo.ma.gov.br\/transparencia\/wp-json\/wp\/v2\/posts\/24471\/revisions\/24473"}],"wp:attachment":[{"href":"https:\/\/saobernardo.ma.gov.br\/transparencia\/wp-json\/wp\/v2\/media?parent=24471"}],"wp:term":[{"taxonomy":"category","embeddable":true,"href":"https:\/\/saobernardo.ma.gov.br\/transparencia\/wp-json\/wp\/v2\/categories?post=24471"},{"taxonomy":"post_tag","embeddable":true,"href":"https:\/\/saobernardo.ma.gov.br\/transparencia\/wp-json\/wp\/v2\/tags?post=24471"},{"taxonomy":"mes","embeddable":true,"href":"https:\/\/saobernardo.ma.gov.br\/transparencia\/wp-json\/wp\/v2\/mes?post=24471"},{"taxonomy":"ano","embeddable":true,"href":"https:\/\/saobernardo.ma.gov.br\/transparencia\/wp-json\/wp\/v2\/ano?post=24471"},{"taxonomy":"secretarias","embeddable":true,"href":"https:\/\/saobernardo.ma.gov.br\/transparencia\/wp-json\/wp\/v2\/secretarias?post=24471"}],"curies":[{"name":"wp","href":"https:\/\/api.w.org\/{rel}","templated":true}]}}