 {"id":24535,"date":"2026-02-20T10:10:06","date_gmt":"2026-02-20T13:10:06","guid":{"rendered":"https:\/\/saobernardo.ma.gov.br\/transparencia\/?p=24535"},"modified":"2026-03-26T08:49:10","modified_gmt":"2026-03-26T11:49:10","slug":"portaria-no-597-de-20-de-fevereiro-de-2026-resolve-designar-para-o-cargo-em-comissao-de-coordenador-administrativo-de-patrimonio-publico-das-da-secretaria-municipal-de-patrimonio-e-logi","status":"publish","type":"post","link":"https:\/\/saobernardo.ma.gov.br\/transparencia\/portarias\/portaria-no-597-de-20-de-fevereiro-de-2026-resolve-designar-para-o-cargo-em-comissao-de-coordenador-administrativo-de-patrimonio-publico-das-da-secretaria-municipal-de-patrimonio-e-logi\/","title":{"rendered":"PORTARIA N\u00ba 597, DE 20 DE FEVEREIRO DE 2026 &#8211; RESOLVE DESIGNAR, para o Cargo em Comiss\u00e3o de Coordenador Administrativo de Patrim\u00f4nio P\u00fablico \u2013 DAS, da Secretaria Municipal de Patrim\u00f4nio e Log\u00edstica, o (a) Sr(a), ROBSON REGES DOS SANTOS ARA\u00daJO"},"content":{"rendered":"","protected":false},"excerpt":{"rendered":"","protected":false},"author":6,"featured_media":0,"comment_status":"open","ping_status":"closed","sticky":false,"template":"","format":"standard","meta":{"_acf_changed":false,"footnotes":""},"categories":[4],"tags":[],"mes":[25],"ano":[74],"secretarias":[70],"class_list":["post-24535","post","type-post","status-publish","format-standard","hentry","category-portarias","mes-fevereiro","ano-74","secretarias-secretaria-municipal-de-gestao-semge"],"acf":{"documento":"https:\/\/saobernardo.ma.gov.br\/transparencia\/wp-content\/uploads\/2026\/02\/PORTARIA-No-597-DSIGNACAO-DE-ROBSON-REGES-SANTOS-ARAUJO-PARA-O-CARGO-DE-COORDENADOR-ADMINISTRATIVO-DE-PATRIMONIO-PUBLICO-DA-SECRETARIA-M-DE-PATRIMONIO-E-LOGISTICA-1.pdf","link_csv":"","situacao_da_portaria":"ATIVA","numero_do_documento":"2026","descricao":"Portaria","urldoarquivo":"https:\/\/saobernardo.ma.gov.br\/transparencia\/wp-content\/uploads\/2026\/02\/PORTARIA-No-597-DSIGNACAO-DE-ROBSON-REGES-SANTOS-ARAUJO-PARA-O-CARGO-DE-COORDENADOR-ADMINISTRATIVO-DE-PATRIMONIO-PUBLICO-DA-SECRETARIA-M-DE-PATRIMONIO-E-LOGISTICA-1.pdf"},"_links":{"self":[{"href":"https:\/\/saobernardo.ma.gov.br\/transparencia\/wp-json\/wp\/v2\/posts\/24535","targetHints":{"allow":["GET"]}}],"collection":[{"href":"https:\/\/saobernardo.ma.gov.br\/transparencia\/wp-json\/wp\/v2\/posts"}],"about":[{"href":"https:\/\/saobernardo.ma.gov.br\/transparencia\/wp-json\/wp\/v2\/types\/post"}],"author":[{"embeddable":true,"href":"https:\/\/saobernardo.ma.gov.br\/transparencia\/wp-json\/wp\/v2\/users\/6"}],"replies":[{"embeddable":true,"href":"https:\/\/saobernardo.ma.gov.br\/transparencia\/wp-json\/wp\/v2\/comments?post=24535"}],"version-history":[{"count":3,"href":"https:\/\/saobernardo.ma.gov.br\/transparencia\/wp-json\/wp\/v2\/posts\/24535\/revisions"}],"predecessor-version":[{"id":24894,"href":"https:\/\/saobernardo.ma.gov.br\/transparencia\/wp-json\/wp\/v2\/posts\/24535\/revisions\/24894"}],"wp:attachment":[{"href":"https:\/\/saobernardo.ma.gov.br\/transparencia\/wp-json\/wp\/v2\/media?parent=24535"}],"wp:term":[{"taxonomy":"category","embeddable":true,"href":"https:\/\/saobernardo.ma.gov.br\/transparencia\/wp-json\/wp\/v2\/categories?post=24535"},{"taxonomy":"post_tag","embeddable":true,"href":"https:\/\/saobernardo.ma.gov.br\/transparencia\/wp-json\/wp\/v2\/tags?post=24535"},{"taxonomy":"mes","embeddable":true,"href":"https:\/\/saobernardo.ma.gov.br\/transparencia\/wp-json\/wp\/v2\/mes?post=24535"},{"taxonomy":"ano","embeddable":true,"href":"https:\/\/saobernardo.ma.gov.br\/transparencia\/wp-json\/wp\/v2\/ano?post=24535"},{"taxonomy":"secretarias","embeddable":true,"href":"https:\/\/saobernardo.ma.gov.br\/transparencia\/wp-json\/wp\/v2\/secretarias?post=24535"}],"curies":[{"name":"wp","href":"https:\/\/api.w.org\/{rel}","templated":true}]}}