 {"id":24538,"date":"2026-02-20T10:13:23","date_gmt":"2026-02-20T13:13:23","guid":{"rendered":"https:\/\/saobernardo.ma.gov.br\/transparencia\/?p=24538"},"modified":"2026-02-20T10:13:23","modified_gmt":"2026-02-20T13:13:23","slug":"portaria-no-598-de-20-de-fevereiro-de-2026-resolve-nomear-para-o-cargo-em-comissao-de-chefe-do-departamento-municipal-de-comunicacao-e-do-diario-oficial-do-municipio-das-da-secretaria-m","status":"publish","type":"post","link":"https:\/\/saobernardo.ma.gov.br\/transparencia\/portarias\/portaria-no-598-de-20-de-fevereiro-de-2026-resolve-nomear-para-o-cargo-em-comissao-de-chefe-do-departamento-municipal-de-comunicacao-e-do-diario-oficial-do-municipio-das-da-secretaria-m\/","title":{"rendered":"PORTARIA N\u00ba 598, DE 20 DE FEVEREIRO DE 2026 &#8211; RESOLVE NOMEAR, para o Cargo em Comiss\u00e3o de Chefe do Departamento Municipal de Comunica\u00e7\u00e3o e do Di\u00e1rio Oficial do Munic\u00edpio \u2013 DAS, da Secretaria Municipal de Comunica\u00e7\u00e3o Social, o(a) Sr(a), Sr(a).VALDEANE PESSOA DOS SANTOS."},"content":{"rendered":"","protected":false},"excerpt":{"rendered":"","protected":false},"author":6,"featured_media":0,"comment_status":"open","ping_status":"closed","sticky":false,"template":"","format":"standard","meta":{"_acf_changed":false,"footnotes":""},"categories":[4],"tags":[],"mes":[25],"ano":[74],"secretarias":[70],"class_list":["post-24538","post","type-post","status-publish","format-standard","hentry","category-portarias","mes-fevereiro","ano-74","secretarias-secretaria-municipal-de-gestao-semge"],"acf":{"documento":"https:\/\/saobernardo.ma.gov.br\/transparencia\/wp-content\/uploads\/2026\/02\/PORTARIA-No-598-NOMEACAO-DE-VALDEANE-PESSOA-DOS-SANTOS-PARA-O-CARGO-DE-CHEFE-DO-DEPARTAMENTO-MUNICIPAL-DE-COMUNICACAO-E-DO-DIARIO-OFICIAL-DO-M-DA-SCRT-DE-COMUNICACAO-SOCIAL.pdf","link_csv":"","situacao_da_portaria":"ATIVA","numero_do_documento":"2026","descricao":"Portaria","urldoarquivo":"https:\/\/saobernardo.ma.gov.br\/transparencia\/wp-content\/uploads\/2026\/02\/PORTARIA-No-598-NOMEACAO-DE-VALDEANE-PESSOA-DOS-SANTOS-PARA-O-CARGO-DE-CHEFE-DO-DEPARTAMENTO-MUNICIPAL-DE-COMUNICACAO-E-DO-DIARIO-OFICIAL-DO-M-DA-SCRT-DE-COMUNICACAO-SOCIAL.pdf"},"_links":{"self":[{"href":"https:\/\/saobernardo.ma.gov.br\/transparencia\/wp-json\/wp\/v2\/posts\/24538","targetHints":{"allow":["GET"]}}],"collection":[{"href":"https:\/\/saobernardo.ma.gov.br\/transparencia\/wp-json\/wp\/v2\/posts"}],"about":[{"href":"https:\/\/saobernardo.ma.gov.br\/transparencia\/wp-json\/wp\/v2\/types\/post"}],"author":[{"embeddable":true,"href":"https:\/\/saobernardo.ma.gov.br\/transparencia\/wp-json\/wp\/v2\/users\/6"}],"replies":[{"embeddable":true,"href":"https:\/\/saobernardo.ma.gov.br\/transparencia\/wp-json\/wp\/v2\/comments?post=24538"}],"version-history":[{"count":1,"href":"https:\/\/saobernardo.ma.gov.br\/transparencia\/wp-json\/wp\/v2\/posts\/24538\/revisions"}],"predecessor-version":[{"id":24540,"href":"https:\/\/saobernardo.ma.gov.br\/transparencia\/wp-json\/wp\/v2\/posts\/24538\/revisions\/24540"}],"wp:attachment":[{"href":"https:\/\/saobernardo.ma.gov.br\/transparencia\/wp-json\/wp\/v2\/media?parent=24538"}],"wp:term":[{"taxonomy":"category","embeddable":true,"href":"https:\/\/saobernardo.ma.gov.br\/transparencia\/wp-json\/wp\/v2\/categories?post=24538"},{"taxonomy":"post_tag","embeddable":true,"href":"https:\/\/saobernardo.ma.gov.br\/transparencia\/wp-json\/wp\/v2\/tags?post=24538"},{"taxonomy":"mes","embeddable":true,"href":"https:\/\/saobernardo.ma.gov.br\/transparencia\/wp-json\/wp\/v2\/mes?post=24538"},{"taxonomy":"ano","embeddable":true,"href":"https:\/\/saobernardo.ma.gov.br\/transparencia\/wp-json\/wp\/v2\/ano?post=24538"},{"taxonomy":"secretarias","embeddable":true,"href":"https:\/\/saobernardo.ma.gov.br\/transparencia\/wp-json\/wp\/v2\/secretarias?post=24538"}],"curies":[{"name":"wp","href":"https:\/\/api.w.org\/{rel}","templated":true}]}}