 {"id":24572,"date":"2026-02-24T10:36:42","date_gmt":"2026-02-24T13:36:42","guid":{"rendered":"https:\/\/saobernardo.ma.gov.br\/transparencia\/?p=24572"},"modified":"2026-02-24T10:36:42","modified_gmt":"2026-02-24T13:36:42","slug":"portaria-no-604-de-24-de-fevereiro-de-2026-resolve-exonerar-do-cargo-em-comissao-de-diretora-escolar-da-i-e-conego-nestor-de-carvalho-cunha-da-secretaria-municipal-de-educacao-ciencia-tecnolo","status":"publish","type":"post","link":"https:\/\/saobernardo.ma.gov.br\/transparencia\/portarias\/portaria-no-604-de-24-de-fevereiro-de-2026-resolve-exonerar-do-cargo-em-comissao-de-diretora-escolar-da-i-e-conego-nestor-de-carvalho-cunha-da-secretaria-municipal-de-educacao-ciencia-tecnolo\/","title":{"rendered":"PORTARIA N\u00ba 604, DE 24 DE FEVEREIRO DE 2026 &#8211; RESOLVE EXONERAR, do Cargo em Comiss\u00e3o de DIRETORA ESCOLAR, da I.E. C\u00d4NEGO NESTOR DE CARVALHO CUNHA, da SECRETARIA MUNICIPAL DE EDUCA\u00c7\u00c3O, CI\u00caNCIA, TECNOLOGIA E INOVA\u00c7\u00c3O, o(a) Sr(a). MARIA LUCILENE DA SILVA CARVALHO."},"content":{"rendered":"","protected":false},"excerpt":{"rendered":"","protected":false},"author":6,"featured_media":0,"comment_status":"open","ping_status":"closed","sticky":false,"template":"","format":"standard","meta":{"_acf_changed":false,"footnotes":""},"categories":[4],"tags":[],"mes":[25],"ano":[74],"secretarias":[70],"class_list":["post-24572","post","type-post","status-publish","format-standard","hentry","category-portarias","mes-fevereiro","ano-74","secretarias-secretaria-municipal-de-gestao-semge"],"acf":{"documento":"https:\/\/saobernardo.ma.gov.br\/transparencia\/wp-content\/uploads\/2026\/02\/pagina_5.pdf","link_csv":"","situacao_da_portaria":"ATIVA","numero_do_documento":"2026","descricao":"Portaria","urldoarquivo":"https:\/\/saobernardo.ma.gov.br\/transparencia\/wp-content\/uploads\/2026\/02\/pagina_5.pdf"},"_links":{"self":[{"href":"https:\/\/saobernardo.ma.gov.br\/transparencia\/wp-json\/wp\/v2\/posts\/24572","targetHints":{"allow":["GET"]}}],"collection":[{"href":"https:\/\/saobernardo.ma.gov.br\/transparencia\/wp-json\/wp\/v2\/posts"}],"about":[{"href":"https:\/\/saobernardo.ma.gov.br\/transparencia\/wp-json\/wp\/v2\/types\/post"}],"author":[{"embeddable":true,"href":"https:\/\/saobernardo.ma.gov.br\/transparencia\/wp-json\/wp\/v2\/users\/6"}],"replies":[{"embeddable":true,"href":"https:\/\/saobernardo.ma.gov.br\/transparencia\/wp-json\/wp\/v2\/comments?post=24572"}],"version-history":[{"count":1,"href":"https:\/\/saobernardo.ma.gov.br\/transparencia\/wp-json\/wp\/v2\/posts\/24572\/revisions"}],"predecessor-version":[{"id":24574,"href":"https:\/\/saobernardo.ma.gov.br\/transparencia\/wp-json\/wp\/v2\/posts\/24572\/revisions\/24574"}],"wp:attachment":[{"href":"https:\/\/saobernardo.ma.gov.br\/transparencia\/wp-json\/wp\/v2\/media?parent=24572"}],"wp:term":[{"taxonomy":"category","embeddable":true,"href":"https:\/\/saobernardo.ma.gov.br\/transparencia\/wp-json\/wp\/v2\/categories?post=24572"},{"taxonomy":"post_tag","embeddable":true,"href":"https:\/\/saobernardo.ma.gov.br\/transparencia\/wp-json\/wp\/v2\/tags?post=24572"},{"taxonomy":"mes","embeddable":true,"href":"https:\/\/saobernardo.ma.gov.br\/transparencia\/wp-json\/wp\/v2\/mes?post=24572"},{"taxonomy":"ano","embeddable":true,"href":"https:\/\/saobernardo.ma.gov.br\/transparencia\/wp-json\/wp\/v2\/ano?post=24572"},{"taxonomy":"secretarias","embeddable":true,"href":"https:\/\/saobernardo.ma.gov.br\/transparencia\/wp-json\/wp\/v2\/secretarias?post=24572"}],"curies":[{"name":"wp","href":"https:\/\/api.w.org\/{rel}","templated":true}]}}