 {"id":24607,"date":"2026-02-24T11:24:55","date_gmt":"2026-02-24T14:24:55","guid":{"rendered":"https:\/\/saobernardo.ma.gov.br\/transparencia\/?p=24607"},"modified":"2026-02-24T11:24:55","modified_gmt":"2026-02-24T14:24:55","slug":"portaria-no-614-de-24-de-fevereiro-de-2026-resolve-nomear-para-cargo-em-comissao-de-coordenador-pedagogico-das-da-e-m-pref-jose-ferreira-de-sousa-da-secretaria-municipal-de-educacao-ciencia","status":"publish","type":"post","link":"https:\/\/saobernardo.ma.gov.br\/transparencia\/portarias\/portaria-no-614-de-24-de-fevereiro-de-2026-resolve-nomear-para-cargo-em-comissao-de-coordenador-pedagogico-das-da-e-m-pref-jose-ferreira-de-sousa-da-secretaria-municipal-de-educacao-ciencia\/","title":{"rendered":"PORTARIA N\u00ba 614, DE 24 DE FEVEREIRO DE 2026 &#8211; RESOLVE NOMEAR, para Cargo em Comiss\u00e3o de COORDENADOR PEDAGOGICO &#8211; DAS, da E.M. PREF. JOS\u00c9 FERREIRA DE SOUSA, da SECRETARIA MUNICIPAL DE EDUCA\u00c7\u00c3O, CI\u00caNCIA, TECNOLOGIA E INOVA\u00c7\u00c3O, o(a) Sr(a). ALINE SILVA ALBUQUERQUE."},"content":{"rendered":"","protected":false},"excerpt":{"rendered":"","protected":false},"author":6,"featured_media":0,"comment_status":"open","ping_status":"closed","sticky":false,"template":"","format":"standard","meta":{"_acf_changed":false,"footnotes":""},"categories":[4],"tags":[],"mes":[25],"ano":[60],"secretarias":[70],"class_list":["post-24607","post","type-post","status-publish","format-standard","hentry","category-portarias","mes-fevereiro","ano-60","secretarias-secretaria-municipal-de-gestao-semge"],"acf":{"documento":"https:\/\/saobernardo.ma.gov.br\/transparencia\/wp-content\/uploads\/2026\/02\/pagina_15.pdf","link_csv":"","situacao_da_portaria":"ATIVA","numero_do_documento":"2026","descricao":"Portaria","urldoarquivo":"https:\/\/saobernardo.ma.gov.br\/transparencia\/wp-content\/uploads\/2026\/02\/pagina_15.pdf"},"_links":{"self":[{"href":"https:\/\/saobernardo.ma.gov.br\/transparencia\/wp-json\/wp\/v2\/posts\/24607","targetHints":{"allow":["GET"]}}],"collection":[{"href":"https:\/\/saobernardo.ma.gov.br\/transparencia\/wp-json\/wp\/v2\/posts"}],"about":[{"href":"https:\/\/saobernardo.ma.gov.br\/transparencia\/wp-json\/wp\/v2\/types\/post"}],"author":[{"embeddable":true,"href":"https:\/\/saobernardo.ma.gov.br\/transparencia\/wp-json\/wp\/v2\/users\/6"}],"replies":[{"embeddable":true,"href":"https:\/\/saobernardo.ma.gov.br\/transparencia\/wp-json\/wp\/v2\/comments?post=24607"}],"version-history":[{"count":1,"href":"https:\/\/saobernardo.ma.gov.br\/transparencia\/wp-json\/wp\/v2\/posts\/24607\/revisions"}],"predecessor-version":[{"id":24609,"href":"https:\/\/saobernardo.ma.gov.br\/transparencia\/wp-json\/wp\/v2\/posts\/24607\/revisions\/24609"}],"wp:attachment":[{"href":"https:\/\/saobernardo.ma.gov.br\/transparencia\/wp-json\/wp\/v2\/media?parent=24607"}],"wp:term":[{"taxonomy":"category","embeddable":true,"href":"https:\/\/saobernardo.ma.gov.br\/transparencia\/wp-json\/wp\/v2\/categories?post=24607"},{"taxonomy":"post_tag","embeddable":true,"href":"https:\/\/saobernardo.ma.gov.br\/transparencia\/wp-json\/wp\/v2\/tags?post=24607"},{"taxonomy":"mes","embeddable":true,"href":"https:\/\/saobernardo.ma.gov.br\/transparencia\/wp-json\/wp\/v2\/mes?post=24607"},{"taxonomy":"ano","embeddable":true,"href":"https:\/\/saobernardo.ma.gov.br\/transparencia\/wp-json\/wp\/v2\/ano?post=24607"},{"taxonomy":"secretarias","embeddable":true,"href":"https:\/\/saobernardo.ma.gov.br\/transparencia\/wp-json\/wp\/v2\/secretarias?post=24607"}],"curies":[{"name":"wp","href":"https:\/\/api.w.org\/{rel}","templated":true}]}}