 {"id":24739,"date":"2026-03-09T12:33:08","date_gmt":"2026-03-09T15:33:08","guid":{"rendered":"https:\/\/saobernardo.ma.gov.br\/transparencia\/?p=24739"},"modified":"2026-03-09T12:33:08","modified_gmt":"2026-03-09T15:33:08","slug":"portaria-no-633-de-09-de-marco-de-2026-resolve-nomear-para-o-cargo-em-comissao-de-assessor-juridico-dans-da-procuradoria-geral-municipal-o-a-sra-amanda-macedo-do-nascimento","status":"publish","type":"post","link":"https:\/\/saobernardo.ma.gov.br\/transparencia\/portarias\/portaria-no-633-de-09-de-marco-de-2026-resolve-nomear-para-o-cargo-em-comissao-de-assessor-juridico-dans-da-procuradoria-geral-municipal-o-a-sra-amanda-macedo-do-nascimento\/","title":{"rendered":"PORTARIA N\u00ba 633, DE 09 DE MAR\u00c7O DE 2026 &#8211; RESOLVE NOMEAR, para o Cargo em Comiss\u00e3o de ASSESSOR JUR\u00cdDICO \u2013 DANS, DA PROCURADORIA GERAL MUNICIPAL, o (a) Sr(a). AMANDA MAC\u00caDO DO NASCIMENTO."},"content":{"rendered":"","protected":false},"excerpt":{"rendered":"","protected":false},"author":6,"featured_media":0,"comment_status":"open","ping_status":"closed","sticky":false,"template":"","format":"standard","meta":{"_acf_changed":false,"footnotes":""},"categories":[4],"tags":[],"mes":[26],"ano":[74],"secretarias":[70],"class_list":["post-24739","post","type-post","status-publish","format-standard","hentry","category-portarias","mes-marco","ano-74","secretarias-secretaria-municipal-de-gestao-semge"],"acf":{"documento":"https:\/\/saobernardo.ma.gov.br\/transparencia\/wp-content\/uploads\/2026\/03\/PORTARIA-No-633-NOMEACAO-DE-AMANDA-MACEDO-DO-NASCIMENTO-PARA-O-CARGO-DE-ASSESSOR-JURIDICO-DA-PROCURADORIA-GERAL-DO-MUNICIPIO.pdf","link_csv":"","situacao_da_portaria":"ATIVA","numero_do_documento":"2026","descricao":"Portaria","urldoarquivo":"https:\/\/saobernardo.ma.gov.br\/transparencia\/wp-content\/uploads\/2026\/03\/PORTARIA-No-633-NOMEACAO-DE-AMANDA-MACEDO-DO-NASCIMENTO-PARA-O-CARGO-DE-ASSESSOR-JURIDICO-DA-PROCURADORIA-GERAL-DO-MUNICIPIO.pdf"},"_links":{"self":[{"href":"https:\/\/saobernardo.ma.gov.br\/transparencia\/wp-json\/wp\/v2\/posts\/24739","targetHints":{"allow":["GET"]}}],"collection":[{"href":"https:\/\/saobernardo.ma.gov.br\/transparencia\/wp-json\/wp\/v2\/posts"}],"about":[{"href":"https:\/\/saobernardo.ma.gov.br\/transparencia\/wp-json\/wp\/v2\/types\/post"}],"author":[{"embeddable":true,"href":"https:\/\/saobernardo.ma.gov.br\/transparencia\/wp-json\/wp\/v2\/users\/6"}],"replies":[{"embeddable":true,"href":"https:\/\/saobernardo.ma.gov.br\/transparencia\/wp-json\/wp\/v2\/comments?post=24739"}],"version-history":[{"count":1,"href":"https:\/\/saobernardo.ma.gov.br\/transparencia\/wp-json\/wp\/v2\/posts\/24739\/revisions"}],"predecessor-version":[{"id":24741,"href":"https:\/\/saobernardo.ma.gov.br\/transparencia\/wp-json\/wp\/v2\/posts\/24739\/revisions\/24741"}],"wp:attachment":[{"href":"https:\/\/saobernardo.ma.gov.br\/transparencia\/wp-json\/wp\/v2\/media?parent=24739"}],"wp:term":[{"taxonomy":"category","embeddable":true,"href":"https:\/\/saobernardo.ma.gov.br\/transparencia\/wp-json\/wp\/v2\/categories?post=24739"},{"taxonomy":"post_tag","embeddable":true,"href":"https:\/\/saobernardo.ma.gov.br\/transparencia\/wp-json\/wp\/v2\/tags?post=24739"},{"taxonomy":"mes","embeddable":true,"href":"https:\/\/saobernardo.ma.gov.br\/transparencia\/wp-json\/wp\/v2\/mes?post=24739"},{"taxonomy":"ano","embeddable":true,"href":"https:\/\/saobernardo.ma.gov.br\/transparencia\/wp-json\/wp\/v2\/ano?post=24739"},{"taxonomy":"secretarias","embeddable":true,"href":"https:\/\/saobernardo.ma.gov.br\/transparencia\/wp-json\/wp\/v2\/secretarias?post=24739"}],"curies":[{"name":"wp","href":"https:\/\/api.w.org\/{rel}","templated":true}]}}