 {"id":24760,"date":"2026-03-11T11:58:52","date_gmt":"2026-03-11T14:58:52","guid":{"rendered":"https:\/\/saobernardo.ma.gov.br\/transparencia\/?p=24760"},"modified":"2026-03-11T11:58:52","modified_gmt":"2026-03-11T14:58:52","slug":"portaria-no-638-de-11-de-marco-de-2026-resolve-nomear-para-o-cargo-em-comissao-de-assessor-especial-nivel-i-das-do-gabinete-do-prefeito-o-a-sra-otaviano-diniz-braga-neto","status":"publish","type":"post","link":"https:\/\/saobernardo.ma.gov.br\/transparencia\/portarias\/portaria-no-638-de-11-de-marco-de-2026-resolve-nomear-para-o-cargo-em-comissao-de-assessor-especial-nivel-i-das-do-gabinete-do-prefeito-o-a-sra-otaviano-diniz-braga-neto\/","title":{"rendered":"PORTARIA N\u00ba 638, DE 11 DE MAR\u00c7O DE 2026 &#8211; RESOLVE NOMEAR, para o Cargo em Comiss\u00e3o de ASSESSOR ESPECIAL N\u00cdVEL I &#8211; DAS, DO GABINETE DO PREFEITO, o (a) Sr(a). OTAVIANO DINIZ BRAGA NETO."},"content":{"rendered":"","protected":false},"excerpt":{"rendered":"","protected":false},"author":6,"featured_media":0,"comment_status":"open","ping_status":"closed","sticky":false,"template":"","format":"standard","meta":{"_acf_changed":false,"footnotes":""},"categories":[4],"tags":[],"mes":[26],"ano":[74],"secretarias":[70],"class_list":["post-24760","post","type-post","status-publish","format-standard","hentry","category-portarias","mes-marco","ano-74","secretarias-secretaria-municipal-de-gestao-semge"],"acf":{"documento":"https:\/\/saobernardo.ma.gov.br\/transparencia\/wp-content\/uploads\/2026\/03\/PORTARIA-No-638-NOMEACAO-DE-OTAVIANO-DINIZ-BRAGA-NETO-PARA-O-CARGO-DE-ASSESSOR-ESPECIAL-NIVEL-I-DO-GABINETE-DO-PREFEITO.pdf","link_csv":"","situacao_da_portaria":"ATIVA","numero_do_documento":"2026","descricao":"Portaria","urldoarquivo":"https:\/\/saobernardo.ma.gov.br\/transparencia\/wp-content\/uploads\/2026\/03\/PORTARIA-No-638-NOMEACAO-DE-OTAVIANO-DINIZ-BRAGA-NETO-PARA-O-CARGO-DE-ASSESSOR-ESPECIAL-NIVEL-I-DO-GABINETE-DO-PREFEITO.pdf"},"_links":{"self":[{"href":"https:\/\/saobernardo.ma.gov.br\/transparencia\/wp-json\/wp\/v2\/posts\/24760","targetHints":{"allow":["GET"]}}],"collection":[{"href":"https:\/\/saobernardo.ma.gov.br\/transparencia\/wp-json\/wp\/v2\/posts"}],"about":[{"href":"https:\/\/saobernardo.ma.gov.br\/transparencia\/wp-json\/wp\/v2\/types\/post"}],"author":[{"embeddable":true,"href":"https:\/\/saobernardo.ma.gov.br\/transparencia\/wp-json\/wp\/v2\/users\/6"}],"replies":[{"embeddable":true,"href":"https:\/\/saobernardo.ma.gov.br\/transparencia\/wp-json\/wp\/v2\/comments?post=24760"}],"version-history":[{"count":1,"href":"https:\/\/saobernardo.ma.gov.br\/transparencia\/wp-json\/wp\/v2\/posts\/24760\/revisions"}],"predecessor-version":[{"id":24762,"href":"https:\/\/saobernardo.ma.gov.br\/transparencia\/wp-json\/wp\/v2\/posts\/24760\/revisions\/24762"}],"wp:attachment":[{"href":"https:\/\/saobernardo.ma.gov.br\/transparencia\/wp-json\/wp\/v2\/media?parent=24760"}],"wp:term":[{"taxonomy":"category","embeddable":true,"href":"https:\/\/saobernardo.ma.gov.br\/transparencia\/wp-json\/wp\/v2\/categories?post=24760"},{"taxonomy":"post_tag","embeddable":true,"href":"https:\/\/saobernardo.ma.gov.br\/transparencia\/wp-json\/wp\/v2\/tags?post=24760"},{"taxonomy":"mes","embeddable":true,"href":"https:\/\/saobernardo.ma.gov.br\/transparencia\/wp-json\/wp\/v2\/mes?post=24760"},{"taxonomy":"ano","embeddable":true,"href":"https:\/\/saobernardo.ma.gov.br\/transparencia\/wp-json\/wp\/v2\/ano?post=24760"},{"taxonomy":"secretarias","embeddable":true,"href":"https:\/\/saobernardo.ma.gov.br\/transparencia\/wp-json\/wp\/v2\/secretarias?post=24760"}],"curies":[{"name":"wp","href":"https:\/\/api.w.org\/{rel}","templated":true}]}}