 {"id":24778,"date":"2026-03-12T12:24:00","date_gmt":"2026-03-12T15:24:00","guid":{"rendered":"https:\/\/saobernardo.ma.gov.br\/transparencia\/?p=24778"},"modified":"2026-03-12T12:29:27","modified_gmt":"2026-03-12T15:29:27","slug":"portaria-no-642-de-12-de-marco-de-2026-resolve-nomear-para-o-cargo-em-comissao-de-secretario-a-escolar-dai-1-da-e-m-paulo-freire-o-a-sra-estefani-soares-silva-santos","status":"publish","type":"post","link":"https:\/\/saobernardo.ma.gov.br\/transparencia\/portarias\/portaria-no-642-de-12-de-marco-de-2026-resolve-nomear-para-o-cargo-em-comissao-de-secretario-a-escolar-dai-1-da-e-m-paulo-freire-o-a-sra-estefani-soares-silva-santos\/","title":{"rendered":"PORTARIA N\u00ba 641, DE 12 DE MAR\u00c7O DE 2026 &#8211; RESOLVE EXONERAR, do Cargo em Comiss\u00e3o de SECRET\u00c1RIO (A) ESCOLAR DA E.M. PAULO FREIRE, o (a) Sr(a). ANA CLAUDIA DA COSTA SILVA"},"content":{"rendered":"","protected":false},"excerpt":{"rendered":"","protected":false},"author":6,"featured_media":0,"comment_status":"open","ping_status":"closed","sticky":false,"template":"","format":"standard","meta":{"_acf_changed":false,"footnotes":""},"categories":[4],"tags":[],"mes":[26],"ano":[74],"secretarias":[70],"class_list":["post-24778","post","type-post","status-publish","format-standard","hentry","category-portarias","mes-marco","ano-74","secretarias-secretaria-municipal-de-gestao-semge"],"acf":{"documento":"https:\/\/saobernardo.ma.gov.br\/transparencia\/wp-content\/uploads\/2026\/03\/PORTARIA-No-641-EXONERACAO-DE-ANA-CLAUDIA-DA-COSTA-SILVA-DO-CARGO-DE-SCRETARIO-ESCOLAR-DA-ESCOLA-PAULO-FREIRE.pdf","link_csv":"","situacao_da_portaria":"ATIVA","numero_do_documento":"2026","descricao":"Portaria","urldoarquivo":"https:\/\/saobernardo.ma.gov.br\/transparencia\/wp-content\/uploads\/2026\/03\/PORTARIA-No-641-EXONERACAO-DE-ANA-CLAUDIA-DA-COSTA-SILVA-DO-CARGO-DE-SCRETARIO-ESCOLAR-DA-ESCOLA-PAULO-FREIRE.pdf"},"_links":{"self":[{"href":"https:\/\/saobernardo.ma.gov.br\/transparencia\/wp-json\/wp\/v2\/posts\/24778","targetHints":{"allow":["GET"]}}],"collection":[{"href":"https:\/\/saobernardo.ma.gov.br\/transparencia\/wp-json\/wp\/v2\/posts"}],"about":[{"href":"https:\/\/saobernardo.ma.gov.br\/transparencia\/wp-json\/wp\/v2\/types\/post"}],"author":[{"embeddable":true,"href":"https:\/\/saobernardo.ma.gov.br\/transparencia\/wp-json\/wp\/v2\/users\/6"}],"replies":[{"embeddable":true,"href":"https:\/\/saobernardo.ma.gov.br\/transparencia\/wp-json\/wp\/v2\/comments?post=24778"}],"version-history":[{"count":3,"href":"https:\/\/saobernardo.ma.gov.br\/transparencia\/wp-json\/wp\/v2\/posts\/24778\/revisions"}],"predecessor-version":[{"id":24783,"href":"https:\/\/saobernardo.ma.gov.br\/transparencia\/wp-json\/wp\/v2\/posts\/24778\/revisions\/24783"}],"wp:attachment":[{"href":"https:\/\/saobernardo.ma.gov.br\/transparencia\/wp-json\/wp\/v2\/media?parent=24778"}],"wp:term":[{"taxonomy":"category","embeddable":true,"href":"https:\/\/saobernardo.ma.gov.br\/transparencia\/wp-json\/wp\/v2\/categories?post=24778"},{"taxonomy":"post_tag","embeddable":true,"href":"https:\/\/saobernardo.ma.gov.br\/transparencia\/wp-json\/wp\/v2\/tags?post=24778"},{"taxonomy":"mes","embeddable":true,"href":"https:\/\/saobernardo.ma.gov.br\/transparencia\/wp-json\/wp\/v2\/mes?post=24778"},{"taxonomy":"ano","embeddable":true,"href":"https:\/\/saobernardo.ma.gov.br\/transparencia\/wp-json\/wp\/v2\/ano?post=24778"},{"taxonomy":"secretarias","embeddable":true,"href":"https:\/\/saobernardo.ma.gov.br\/transparencia\/wp-json\/wp\/v2\/secretarias?post=24778"}],"curies":[{"name":"wp","href":"https:\/\/api.w.org\/{rel}","templated":true}]}}