 {"id":24787,"date":"2026-03-12T12:34:06","date_gmt":"2026-03-12T15:34:06","guid":{"rendered":"https:\/\/saobernardo.ma.gov.br\/transparencia\/?p=24787"},"modified":"2026-03-12T12:34:06","modified_gmt":"2026-03-12T15:34:06","slug":"portaria-no-642-de-12-de-marco-de-2026-resolve-nomear-para-o-cargo-em-comissao-de-secretario-a-escolar-dai-1-da-e-m-paulo-freire-o-a-sra-estefani-soares-silva-santos-2","status":"publish","type":"post","link":"https:\/\/saobernardo.ma.gov.br\/transparencia\/portarias\/portaria-no-642-de-12-de-marco-de-2026-resolve-nomear-para-o-cargo-em-comissao-de-secretario-a-escolar-dai-1-da-e-m-paulo-freire-o-a-sra-estefani-soares-silva-santos-2\/","title":{"rendered":"PORTARIA N\u00ba 642, DE 12 DE MAR\u00c7O DE 2026 &#8211; RESOLVE NOMEAR, para o Cargo em Comiss\u00e3o de SECRET\u00c1RIO (A) ESCOLAR DAI-1, DA E.M. PAULO FREIRE, o (a) Sr(a). ESTEFANI SOARES SILVA SANTOS"},"content":{"rendered":"","protected":false},"excerpt":{"rendered":"","protected":false},"author":6,"featured_media":0,"comment_status":"open","ping_status":"closed","sticky":false,"template":"","format":"standard","meta":{"_acf_changed":false,"footnotes":""},"categories":[4],"tags":[],"mes":[26],"ano":[74],"secretarias":[70],"class_list":["post-24787","post","type-post","status-publish","format-standard","hentry","category-portarias","mes-marco","ano-74","secretarias-secretaria-municipal-de-gestao-semge"],"acf":{"documento":"https:\/\/saobernardo.ma.gov.br\/transparencia\/wp-content\/uploads\/2026\/03\/PORTARIA-No-642-NOMEACAO-DE-STEFANI-SOARES-SILVA-SANTOS-PARA-O-CARGO-DE-SECRETARIA-ESCOLAR-NA-ESCOLA-PAULO-FREIRE.pdf","link_csv":"","situacao_da_portaria":"ATIVA","numero_do_documento":"2026","descricao":"Portaria","urldoarquivo":"https:\/\/saobernardo.ma.gov.br\/transparencia\/wp-content\/uploads\/2026\/03\/PORTARIA-No-642-NOMEACAO-DE-STEFANI-SOARES-SILVA-SANTOS-PARA-O-CARGO-DE-SECRETARIA-ESCOLAR-NA-ESCOLA-PAULO-FREIRE.pdf"},"_links":{"self":[{"href":"https:\/\/saobernardo.ma.gov.br\/transparencia\/wp-json\/wp\/v2\/posts\/24787","targetHints":{"allow":["GET"]}}],"collection":[{"href":"https:\/\/saobernardo.ma.gov.br\/transparencia\/wp-json\/wp\/v2\/posts"}],"about":[{"href":"https:\/\/saobernardo.ma.gov.br\/transparencia\/wp-json\/wp\/v2\/types\/post"}],"author":[{"embeddable":true,"href":"https:\/\/saobernardo.ma.gov.br\/transparencia\/wp-json\/wp\/v2\/users\/6"}],"replies":[{"embeddable":true,"href":"https:\/\/saobernardo.ma.gov.br\/transparencia\/wp-json\/wp\/v2\/comments?post=24787"}],"version-history":[{"count":1,"href":"https:\/\/saobernardo.ma.gov.br\/transparencia\/wp-json\/wp\/v2\/posts\/24787\/revisions"}],"predecessor-version":[{"id":24788,"href":"https:\/\/saobernardo.ma.gov.br\/transparencia\/wp-json\/wp\/v2\/posts\/24787\/revisions\/24788"}],"wp:attachment":[{"href":"https:\/\/saobernardo.ma.gov.br\/transparencia\/wp-json\/wp\/v2\/media?parent=24787"}],"wp:term":[{"taxonomy":"category","embeddable":true,"href":"https:\/\/saobernardo.ma.gov.br\/transparencia\/wp-json\/wp\/v2\/categories?post=24787"},{"taxonomy":"post_tag","embeddable":true,"href":"https:\/\/saobernardo.ma.gov.br\/transparencia\/wp-json\/wp\/v2\/tags?post=24787"},{"taxonomy":"mes","embeddable":true,"href":"https:\/\/saobernardo.ma.gov.br\/transparencia\/wp-json\/wp\/v2\/mes?post=24787"},{"taxonomy":"ano","embeddable":true,"href":"https:\/\/saobernardo.ma.gov.br\/transparencia\/wp-json\/wp\/v2\/ano?post=24787"},{"taxonomy":"secretarias","embeddable":true,"href":"https:\/\/saobernardo.ma.gov.br\/transparencia\/wp-json\/wp\/v2\/secretarias?post=24787"}],"curies":[{"name":"wp","href":"https:\/\/api.w.org\/{rel}","templated":true}]}}